{"provider_url": "https://www.rondaalta.rs.leg.br", "title": "Vereadores realizam mais uma sess\u00e3o plen\u00e1ria ordin\u00e1ria", "html": "<p style=\"text-align: justify; \">\u00a0 \u00a0 \u00a0Na ter\u00e7a-feira, 18 de julho, os vereadores rondaltenses reuniram-se para mais uma sess\u00e3o plen\u00e1ria ordin\u00e1ria. Presidida pelo presidente Vitor Roque Cavazini, e secretariada pelo primeiro secret\u00e1rio, Carlos Roberto Gavioli, a reuni\u00e3o contou ainda com a presen\u00e7a dos edis: Ant\u00e3o Lindomar Pavoski,\u00a0 Eliomar Jos\u00e9 Rigo, Luiz Antonio Gadini, Jos\u00e9 Fontana, Moacir Orbak,\u00a0 Sidnei Nayssinho e Silvanio Roque Lucca.<br /><span>\u00a0 \u00a0 Ao dar abertura aos trabalhos, o presidente colocou em aprecia\u00e7\u00e3o e vota\u00e7\u00e3o a ata n\u00ba. 022/2017, referente \u00e0 sess\u00e3o realizada no dia 11 de julho, a qual, ap\u00f3s lida e oportunizada sua discuss\u00e3o, foi aprovada por unanimidade e sem ressalvas.<br /></span><span>\u00a0 \u00a0 \u00a0 No expediente foram lidas as seguintes mat\u00e9rias:<br /></span><span>Convite da Administra\u00e7\u00e3o Municipal, atrav\u00e9s da Secretaria Municipal de Agricultura e Meio Ambiente, juntamente com a EMATER e membros da Comiss\u00e3o do Cons\u00f3rcio Intermunicipal de Coopera\u00e7\u00e3o em Gest\u00e3o P\u00fablica - CONIGEPU, para reuni\u00e3o que seria realizada no dia 20 de julho de 2017, \u00e0s 18h, nas depend\u00eancias da C\u00e2mara Municipal de Vereadores de Ronda Alta, quando foram tratados assuntos referentes a coleta seletiva do lixo; Convite da Prefeitura Municipal, juntamente com a Secretaria Municipal de Cultura e Turismo, para reuni\u00e3o de apresenta\u00e7\u00e3o da programa\u00e7\u00e3o da IV Ronda da Cultura Ga\u00facha, realizada na quarta-feira, dia 19 de julho, \u00e0s 18h, nas depend\u00eancias da C\u00e2mara Municipal de Vereadores, e do Projeto de Lei do Executivo Municipal n\u00ba. 027, de 13 de julho de 2017, que \u201cdenomina ruas do Loteamento Decezaro\u201d.<br /></span><span>\u00a0 \u00a0 \u00a0 Na ordem do dia foi apreciado e\u00a0 aprovado por unanimidade o Projeto de Lei do Executivo Municipal n\u00ba. 026, de 07 de julho de 2017, que \u201cautoriza a contrata\u00e7\u00e3o tempor\u00e1ria de um psic\u00f3logo e d\u00e1 outras provid\u00eancias\u201d. Aprovado com as corre\u00e7\u00f5es propostas pela Comiss\u00e3o de Constitui\u00e7\u00e3o e Justi\u00e7a no seu parecer.<br /></span><span>\u00a0 \u00a0 \u00a0Tamb\u00e9m neste espa\u00e7o dos trabalhos foi deliberado, de comum acordo, que a sess\u00e3o plen\u00e1ria ordin\u00e1ria da pr\u00f3xima ter\u00e7a-feira, dia 25 de julho, ser\u00e1 antecipada para o dia 21 de julho, sexta-feira, \u00e0s 18h, tudo em raz\u00e3o do feriado municipal do dia 25, Dia do Colono e Motorista e, na segunda-feira, dia 24 de julho, ser ponto facultativo nas depend\u00eancias do Centro Administrativo Municipal, nos termos do Decreto Municipal n\u00ba. 1.683, de 12 de julho de 2017, oportunidade em que ser\u00e1 apreciado o Projeto de Lei 020/2017, retirado de pauta.</span></p>", "author_name": "silvia", "version": "1.0", "author_url": "https://www.rondaalta.rs.leg.br/author/silvia", "provider_name": "C\u00e2mara Municipal Ronda Alta - RS", "type": "rich"}