{"provider_url": "https://www.rondaalta.rs.leg.br", "title": "Vereadores Mirins tomam posse nesta ter\u00e7a-feira", "html": "<p><span>\u00a0</span><span>Os Vereadores Mirins fizeram mais um treinamento para a posse que acontecer\u00e1 nesta ter\u00e7a-feira, dia 14.</span></p>\r\n<p>Na oportunidade o Presidente do Legislativo explicou todo o funcionamento da sess\u00e3o e como a solenidade de posse ir\u00e1 acontecer.</p>\r\n<p>Os jovens aproveitaram para se apresentar no p\u00falpito e mostraram que t\u00eam uma excelente \u00a0orat\u00f3ria e que far\u00e3o um \u00f3timo trabalho.</p>\r\n<p>Tamb\u00e9m ficou definido que a elei\u00e7\u00e3o da mesa diretora acontecer\u00e1 durante a cerim\u00f4nia de posse, sendo que os alunos que se candidataram foram:</p>\r\n<p>Arthur Bosa Gadini</p>\r\n<p>Clara Scarpin Noetzold</p>\r\n<p>J\u00falio de Oliveira Balbinot</p>\r\n<p>Laura Menegon Noi</p>\r\n<p><span>Os parlamentares decidiram que o mais votado ser\u00e1 o presidente, o segundo mais votado ser\u00e1 o vice, o terceiro ser\u00e1 o primeiro secret\u00e1rio e o J\u00falio j\u00e1 est\u00e1 eleito como segundo secret\u00e1rio.</span></p>\r\n<p>A solenidade de diploma\u00e7\u00e3o ser\u00e1 transmitida pelo facebook a partir das 18h nesta ter\u00e7a-feira, dia 14.</p>", "author_name": "", "version": "1.0", "author_url": "https://www.rondaalta.rs.leg.br/author/morgana", "provider_name": "C\u00e2mara Municipal Ronda Alta - RS", "type": "rich"}