{"provider_url": "https://www.rondaalta.rs.leg.br", "title": "Vereadores Mirins recebem forma\u00e7\u00e3o   ", "html": "<p><span>Na tarde dessa quinta-feira os vereadores mirins tiveram a sua primeira forma\u00e7\u00e3o para participar do projeto.</span></p>\r\n<p>Nessa oportunidade todos receberam uma cartilha com informa\u00e7\u00f5es e contaram com a explana\u00e7\u00e3o do Presidente do Legislativo, Juliano Rubens Perego, da Assessora Jur\u00eddica da Casa, Aline Priori e da Assessora de Comunica\u00e7\u00e3o Morgana Rannov Soares, que falaram acerca da fun\u00e7\u00e3o da verean\u00e7a, dos trabalhos e da estrutura do legislativo municipal.</p>\r\n<p>A data da posse dos eleitos ser\u00e1 no dia 14 de junho e at\u00e9 eles receber\u00e3o novas informa\u00e7\u00f5es e conte\u00fados para se preparar para sua primeira sess\u00e3o.</p>\r\n<p>A secret\u00e1ria de educa\u00e7\u00e3o, Andr\u00e9ia Scarpin Noetzold, tamb\u00e9m esteve presente e parabenizou a iniciativa do Presidente em retomar o projeto assim como se colocou a disposi\u00e7\u00e3o para o desenvolvimento dos trabalhos.</p>\r\n<p>o Professor Juliano demonstrou sua imensa satisfa\u00e7\u00e3o em poder estar na presen\u00e7a dos edis mirins e se disponibilizou para sanar d\u00favidas e auxili\u00e1-los nesse processo de aprendizagem.</p>\r\n<p><br /> Os vereadores mirins s\u00e3o do 8\u00ba e 9\u00ba ano das Escolas localizadas no munic\u00edpio de Ronda Alta.</p>\r\n<p>\u00a0</p>\r\n<p><b>Conhe\u00e7a os integrantes da III Legislatura Mirim:</b></p>\r\n<p>Arthur Bosa Gadini (8\u00ba ano II \u2013 Alfredo Gaviolli)</p>\r\n<p>Camily Aparecida Lanzarini (Isabel de Orleans)</p>\r\n<p>Clara Scarpin Noetzold (8\u00ba ano I - Herculino Baldissarella)</p>\r\n<p>Felipe Caetano Giacomolli (9\u00ba ano I \u2013 Herculino Baldissarella)</p>\r\n<p>Francisco Monteiro Campos (8\u00ba ano I \u2013 Alfredo Gaviolli)</p>\r\n<p>J\u00falio de Oliveira Balbinot (9\u00ba ano \u2013Mem de S\u00e1)</p>\r\n<p>Laura Menegon Noi (9\u00ba ano II \u2013 Alfredo Gaviolli)</p>\r\n<p>Lucas Gabriel de Oliveira (9\u00ba ano \u2013Mem de S\u00e1)</p>\r\n<p>Santiago de Pellegrin dos Santos (9\u00ba ano \u2013 Herculino Baldissarella)</p>", "author_name": "", "version": "1.0", "author_url": "https://www.rondaalta.rs.leg.br/author/morgana", "provider_name": "C\u00e2mara Municipal Ronda Alta - RS", "type": "rich"}