{"provider_url": "https://www.rondaalta.rs.leg.br", "title": "VEREADOR PROTOCOU PROJETO EM BENEF\u00cdCIO AOS MEIs.", "html": "<div class=\"xdj266r x11i5rnm xat24cr x1mh8g0r x1vvkbs x126k92a\">\r\n<div dir=\"auto\">Na noite dessa ter\u00e7a-feira, dia 09, ser\u00e1 lido o projeto de lei do legislativo de n\u00ba 002, proposto pelo vereador <a class=\"x1i10hfl xjbqb8w x6umtig x1b1mbwd xaqea5y xav7gou x9f619 x1ypdohk xt0psk2 xe8uvvx xdj266r x11i5rnm xat24cr x1mh8g0r xexx8yu x4uap5 x18d9i69 xkhd6sd x16tdsg8 x1hl2dhg xggy1nq x1a2a7pz xt0b8zv x1qq9wsj xo1l8bm\" href=\"https://www.facebook.com/edivan.lunardi?__cft__[0]=AZXIaInHEynIh1jChwt-yEydrYteQyuVDgWYwbGBr5Ts8BMwG2nn69DZKxhQ7VVudh9qcWlcVfXO1kcXMl6Cy3wyBj7fMY_CXXcUdhnA15iVWd0w8Gmk1DXF9LwavA4TRbA8oU3bcDbkR4AdkB774Wyb2RDV7Ugk2-EWn-_oWlRciKU1Sn5wa9YPritIO8wUqkyCvKlCFesFv_nVU7pUMC6c3_gLZ9jhqeKELlAOohzIgf4IxPdF1MdgqjndjWNdoio&amp;__tn__=-]K-R\" tabindex=\"0\"><span class=\"xt0psk2\">Edivan Lunardi</span></a>.</div>\r\n</div>\r\n<div class=\"x11i5rnm xat24cr x1mh8g0r x1vvkbs xtlvy1s x126k92a\">\r\n<div dir=\"auto\">O Projeto disp\u00f5e sobre a isen\u00e7\u00e3o da cobran\u00e7a de taxas e emolumentos ao Microempreendedor Individual-MEI, e d\u00e1 outras provid\u00eancias.</div>\r\n<div dir=\"auto\">O vereador destacou que buscou informa\u00e7\u00f5es com o Tribunal de Contas e com assessorias jur\u00eddicas, sobre a viabilidade do projeto, pois via essa necessidade.</div>\r\n<div dir=\"auto\">Na <span><a tabindex=\"-1\"></a></span>Sess\u00e3o dessa noite o PLOL ser\u00e1 lido e nos pr\u00f3ximos dias ser\u00e1 votado.</div>\r\n</div>", "author_name": "", "version": "1.0", "author_url": "https://www.rondaalta.rs.leg.br/author/morgana", "provider_name": "C\u00e2mara Municipal Ronda Alta - RS", "type": "rich"}