{"provider_url": "https://www.rondaalta.rs.leg.br", "title": "VEREADOR JULIANO PARTICIPOU DA FORMATURA DO JOVEM EMPREENDEDOR", "html": "<p align=\"justify\">Na noite do dia 25, aconteceu a formatura de mais uma turma de alunos do projeto Jovem Empreendedor, realizado pela Administra\u00e7\u00e3o Municipal de Ronda Alta em parceria com a Cresol.</p>\r\n<p align=\"justify\"><span><span><span> A cerim\u00f4nia foi realizada no Esporte Clube Brasil e reuniu autoridades, representantes da Cresol, do Instituto Manager, 53 formandos, familiares e demais convidados. </span></span></span></p>\r\n<p align=\"justify\"><span><span><span> O Jovem Empreendedor \u00e9 um projeto oferecido pelo Instituto Manager, que busca contemplar jovens que desejam crescer profissionalmente, levando em conta que o conhecimento dos mesmos em rela\u00e7\u00e3o ao mercado de trabalho est\u00e1 muito baixo, enquanto as empresas ou qualquer profiss\u00e3o que seja, em algum momento precisar\u00e1 da habilidade empreendedora. </span></span></span></p>\r\n<p align=\"justify\"><span><span><span> Durante o curso foram trabalhados temas como empreendedorismo, neg\u00f3cios, inova\u00e7\u00e3o, marketing e planejamento. </span></span></span></p>\r\n<p align=\"justify\"><span><span><span> Na formatura estiveram presente o prefeito Marcos Miguel Beux, a primeira dama Ezequiela Ferronato Beux, secret\u00e1rios das pastas municipais, representando o Legislativo, o vereador Juliano Perego, representantes da Cresol, o diretor do Instituto Manager, Anderson Detogni e o professor Luiz Candido, que ministrou todas as aulas.</span></span></span></p>\r\n<p align=\"justify\"><span><span><span> O representante do Legislativo na oportunidade, Professor Juliano, destacou a import\u00e2ncia desses jovens participarem de projetos assim, que estimulam seu desenvolvimento pessoal e profissional, e parabenizou aos idealizadores e todos os formandos pelo empenho e dedica\u00e7\u00e3o. </span></span></span></p>\r\n<p align=\"justify\">\u00a0</p>\r\n<p align=\"justify\"><span><span><span>FONTE: Fotos e informa\u00e7\u00f5es Assessoria da Prefeitura Municipal de Ronda Alta. </span></span></span></p>\r\n<p align=\"justify\">\u00a0</p>", "author_name": "", "version": "1.0", "author_url": "https://www.rondaalta.rs.leg.br/author/morgana", "provider_name": "C\u00e2mara Municipal Ronda Alta - RS", "type": "rich"}