{"provider_url": "https://www.rondaalta.rs.leg.br", "title": "T\u00edtulos s\u00e3o entregues a cidad\u00e3os", "html": "<p>Na noite dessa segunda-feira, dia 20, a C\u00e2mara Municipal de Vereadores concedeu o T\u00edtulo de Cidad\u00e3o Honor\u00edfico Rondaltense h\u00e1 nove indicados pelos integrantes dessa legislatura.</p>\r\n<p>O evento fez parte da programa\u00e7\u00e3o da Semana do Munic\u00edpio.</p>\r\n<p>Oportunamente se pronunciaram os vereadores Edivan Lunardi, Juliano Rubens Perego e, o Presidente do Legislativo, Silvanio Roque Lucca, agradecendo a presen\u00e7a e todos e prestando seus agradecimentos \u00e0 todos os presentes.</p>\r\n<p>Ainda, o Prefeito Marcos Beux tamb\u00e9m fez uso da palavra e trouxe um pouco da hist\u00f3ria de nosso munic\u00edpio e seus agradecimentos aos homenageados.</p>\r\n<p>Os indicados a receber o t\u00edtulo foram:</p>\r\n<p>Kleber Civardi - Olavio Kunrath</p>\r\n<p>Lucca - Jorge Buffon</p>\r\n<p>Juliano - Celso Carlos Pilati</p>\r\n<p>Baixinho - Juraci Lourdes Machado da Silva</p>\r\n<p>Mauro - Ivo Dickel</p>\r\n<p>Edivan - Ant\u00f4nio Scariot</p>\r\n<p>Nego Zanchet - Luis Ant\u00f4nio Liberati</p>\r\n<p>Lizane - Jos\u00e9 Fontana</p>\r\n<p>Vitor - Maria Ant\u00f4nia de Quadros</p>\r\n<p>Em momentos de muita emo\u00e7\u00e3o, foram lidos os hist\u00f3ricos dos homenageados e entregue o certificado a cada um deles.</p>\r\n<p>Cada um dos homenageados teve participa\u00e7\u00f5es importantes na constru\u00e7\u00e3o da hist\u00f3ria da comunidade, suas viv\u00eancias engrandecem nosso munic\u00edpio e os vereadores agradecem a oportunidade de poder homenagear cada um dos cidad\u00e3os escolhidos.</p>\r\n<p>Parab\u00e9ns a todos pela sua dedica\u00e7\u00e3o \u00e0 Ronda Alta!</p>\r\n<p>\u00a0</p>\r\n<p>FOTOS: CAROLINA BEUX - Assessoria de comunica\u00e7\u00e3o Prefeitura de Ronda Alta</p>", "author_name": "", "version": "1.0", "author_url": "https://www.rondaalta.rs.leg.br/author/morgana", "provider_name": "C\u00e2mara Municipal Ronda Alta - RS", "type": "rich"}