{"provider_url": "https://www.rondaalta.rs.leg.br", "title": "Sess\u00e3o Plen\u00e1ria Ordin\u00e1ria reuniu edis", "html": "<p align=\"justify\"><span><span><span><span>Na \u00faltima ter\u00e7a-feira, dia </span></span></span></span><span><span><span><span>08.09.2020</span></span></span></span><span><span>, com in\u00edcio \u00e0s dezoito horas (18:00), na sala de trabalhos, no edif\u00edcio da Prefeitura Municipal de Ronda Alta, Estado do Rio Grande do Sul, a</span></span><span><span> C\u00e2mara Municipal</span></span><span><span> </span></span><span><span>realizou</span></span><span><span> a 24\u00aa (vig\u00e9sima quarta) sess\u00e3o plen\u00e1ria ordin\u00e1ria do ano de 2020, da 4\u00aa (quarta) Sess\u00e3o Legislativa, da 13\u00aa (d\u00e9cima terceira) Legislatura, presidida pelo presidente, vereador Ant\u00e3o Lindomar Pavoski, secretariada pelo 1\u00ba secret\u00e1rio, vereador Luiz Antonio Gadini e da qual tamb\u00e9m participaram os vereadores: Carlos Roberto Gavioli, Jos\u00e9 Fontana, Maria Loreci Caus, Moacir Orbak, Sidnei Nayssinho, Silvanio Roque Lucca e Vitor Roque Cavazini. </span></span></p>\r\n<p align=\"justify\"><span><span><span>De plano, c</span></span></span><span><span>onstatada a exist\u00eancia de n\u00famero regimental de vereadores no plen\u00e1rio, o presidente invocou a prote\u00e7\u00e3o de Deus e declarou aberta a sess\u00e3o plen\u00e1ria ordin\u00e1ria. Colocou em aprecia\u00e7\u00e3o a ata n\u00ba. 023/2020, </span></span><span><span><span>referente \u00e0 sess\u00e3o plen\u00e1ria ordin\u00e1ria realizada no dia 25 de agosto, que, ap\u00f3s lida e oportunizada sua discuss\u00e3o, foi aprovada por unanimidade e sem ressalvas. </span></span></span></p>\r\n<p align=\"justify\"><a name=\"__DdeLink__69_2903205215\"></a><a name=\"__DdeLink__1219_1376907527\"></a> <span><span><span>Ainda, n</span></span></span><span><span><span>o expediente constaram as leituras das seguintes mat\u00e9rias: Of\u00edcio n\u00ba. 001, de 26 de agosto de 2020, subscrito por Jovan Gasparetto, solicitando mo\u00e7\u00e3o de apoio ao reconhecimento do monumento em homenagem aos trabalhadores rurais sem-terra, na Encruzilhada Natalino e, de todo legado de luta hist\u00f3rica nas Fazendas Annoni, Macalli e Brilhante, como patrim\u00f4nio hist\u00f3rico material e imaterial do Brasil; Edital de convoca\u00e7\u00e3o do Poder Executivo e Legislativo para audi\u00eancia p\u00fablica, a realizar-se no pr\u00f3ximo dia 16 de setembro, \u00e0s 10:00 horas, no Plen\u00e1rio da C\u00e2mara Municipal, com vista a apresenta\u00e7\u00e3o do Relat\u00f3rio Resumido de Execu\u00e7\u00e3o Or\u00e7ament\u00e1ria - RREO, referente ao 4\u00ba bimestre de 2020, cumprimento de Metas Fiscais, referente ao 2\u00ba quadrimestre de 2020, maio a agosto de 2020, bem como, an\u00e1lise do Projeto de Lei n\u00ba. 034/2020, que disp\u00f5e sobre as diretrizes or\u00e7ament\u00e1rias - LDO, para o exerc\u00edcio financeiro de 2021; Pedido de Informa\u00e7\u00e3o n\u00ba. 001, de 04 de setembro de 2020, de autoria do vereador Jos\u00e9 Fontana\u201d; Projeto de Lei do Executivo n\u00ba. 034, de 27 de agosto de 2020, que \u201cDisp\u00f5e sobre as diretrizes or\u00e7ament\u00e1rias para o exerc\u00edcio financeiro de 2021\u201d e Projeto de Lei do Executivo n\u00ba. 035, de 08 de setembro de 2020, que \u201cAbre cr\u00e9dito especial e aponta recursos no or\u00e7amento municipal\u201d. </span></span></span></p>\r\n<p align=\"justify\"><span><span><span>N\u00e3o houve </span></span></span><span><span><span>a realiza\u00e7\u00e3o do grande expediente</span></span></span></p>\r\n<p align=\"justify\"><span><span><span>Ademais, os P</span></span></span><span><span><span>rogramas Informativos, na R\u00e1dio Comunit\u00e1ria Navegantes, aos s\u00e1bados, das 11:15 \u00e0s 11:35 horas, suspensos em raz\u00e3o do per\u00edodo eleitoral.</span></span></span><span><span><span> N\u00e3o constaram mat\u00e9rias em pauta para aprecia\u00e7\u00e3o </span></span></span><span><span><span>na ordem do dia. </span></span></span></p>\r\n<p align=\"justify\"><span><span><span>Dessa forma, na</span></span></span><span><span>da mais havendo a tratar, o presidente agradeceu \u00e0 presen\u00e7a e a colabora\u00e7\u00e3o dos seus pares e os convocou para a pr\u00f3xima sess\u00e3o plen\u00e1ria ordin\u00e1ria, a ser realizada no dia 15 de setembro, no seu local costume e \u00e0s 18:00 horas. Encerrou os trabalhos e solicitou que o resumo do seu andamento constasse em ata, que aprovada, </span></span><span><span>foi</span></span><span><span> assinada. </span></span></p>", "author_name": "", "version": "1.0", "author_url": "https://www.rondaalta.rs.leg.br/author/morgana", "provider_name": "C\u00e2mara Municipal Ronda Alta - RS", "type": "rich"}