{"provider_url": "https://www.rondaalta.rs.leg.br", "title": "RONDALTENSES RECEBEM MEDALHAS POR DESTAQUE ESPORTIVO", "html": "<div class=\"xdj266r x11i5rnm xat24cr x1mh8g0r x1vvkbs x126k92a\">\r\n<div dir=\"auto\">No \u00faltimo s\u00e1bado, 20 de abril, rondaltenses participaram da solenidade de entrega da Honraria Preparador F\u00edsico Paulo Paix\u00e3o realizada pela Federa\u00e7\u00e3o Internacional de Educa\u00e7\u00e3o F\u00edsica, delegacia do Rio Grande do Sul, (FIEP-RS), na Capital do estado, com homenagens ao atleta que possui reconhecimento <a tabindex=\"-1\"></a>internacional al\u00e9m de homenagear diversos incentividaores e praticantes amadores de esportes.</div>\r\n</div>\r\n<div class=\"x11i5rnm xat24cr x1mh8g0r x1vvkbs xtlvy1s x126k92a\">\r\n<div dir=\"auto\">Ainda, durante o evento foram premiados os rondaltenses Rog\u00e9rio Ferreira, na categoria atleta amador \u2013 Futebol; Viriato Pedroso, na categoria atleta amador \u2013 Bocha, o prefeito municipal e o vereador Juliano Perego pela proposi\u00e7\u00e3o e san\u00e7\u00e3o da lei que torna obrigat\u00f3ria a carga hor\u00e1ria m\u00ednima de 3 horas-aula na disciplina de educa\u00e7\u00e3o f\u00edsica para as escolas municipais desde a educa\u00e7\u00e3o infantil at\u00e9 o 9\u00ba ano do ensino fundamental.</div>\r\n<div dir=\"auto\">Considerando ainda que o projeto foi apoiado por todos os vereadores da Casa Legislativa e aprovado por unanimidade, com a participa\u00e7\u00e3o do tamb\u00e9m ex vereador Luis Ant\u00f4nio Gadini (Tonho), pois os legisladores acreditam na import\u00e2ncia da promo\u00e7\u00e3o do esporte para melhorar a qualidade vida dos cidad\u00e3os e, principalmente, de crian\u00e7as e adolescentes.</div>\r\n<div dir=\"auto\">O Presidente do Legislativo, Vereador Baixinho (PT), agradece \u00e0 Federa\u00e7\u00e3o Internacional de educa\u00e7\u00e3o F\u00edsica pelo reconhecimento aos atletas e cidad\u00e3os rondaltenses e parabeniza a todos que se envolvem com a pr\u00e1tica esportiva, pauta que defende h\u00e1 muitos anos, pois tem consci\u00eancia da import\u00e2ncia dessa ferramenta para o cuidado com a sa\u00fade f\u00edsica e mental de todos os esportistas.</div>\r\n<div dir=\"auto\"><img src=\"https://www.rondaalta.rs.leg.br/WhatsAppImage20240423at09.41.17.jpeg/@@images/831dd4d2-79bd-4373-a393-d092e2efad0e.jpeg\" alt=\"\" class=\"image-inline\" title=\"\" /></div>\r\n</div>", "author_name": "", "version": "1.0", "author_url": "https://www.rondaalta.rs.leg.br/author/morgana", "provider_name": "C\u00e2mara Municipal Ronda Alta - RS", "type": "rich"}