{"provider_url": "https://www.rondaalta.rs.leg.br", "title": "Ronda Alta decretou situa\u00e7\u00e3o de Emerg\u00eancia em raz\u00e3o da estiagem", "html": "<p>A situa\u00e7\u00e3o da seca no munic\u00edpio de Ronda Alta tem se agravado nos \u00faltimos dias, levando a grandes perdas aos agricultores e pecuaristas.</p>\r\n<p>Atualmente v\u00e1rios moradores do interior est\u00e3o solicitando aux\u00edlio do caminh\u00e3o pipa para poder fornecer \u00e1gua a seus animais e propriedades.</p>\r\n<p>Por essa raz\u00e3o, na tarde dessa quarta-feira, dia 29, foi assinado o decreto n\u00ba 1.972 que declara situa\u00e7\u00e3o de emerg\u00eancia nas \u00e1reas do munic\u00edpio que est\u00e3o afetadas pela forte estiagem.</p>\r\n<p>Tamb\u00e9m foram encaminhados of\u00edcios pedindo a homologa\u00e7\u00e3o e reconhecimento da situa\u00e7\u00e3o de emerg\u00eancia ao Estado e \u00e0 Uni\u00e3o.</p>\r\n<p>Na oportunidade o Vereador Juliano Perego, pr\u00f3ximo presidente do Legislativo, participou do evento de assinatura e reiterou o apoio da C\u00e2mara de Vereadores para buscar solu\u00e7\u00f5es que amenizem a situa\u00e7\u00e3o de emerg\u00eancia enfrentada.</p>\r\n<p>Dessa forma, pedimos a todos que utilizem a \u00e1gua com muito cuidado, pois os po\u00e7os que abastecem o munic\u00edpio est\u00e3o com a capacidade reduzida e j\u00e1 enfrentamos per\u00edodos de racionamento.</p>\r\n<p>Acesse o decreto clicando\u00a0<a class=\"external-link\" href=\"https://www.rondaalta.rs.gov.br/site/noticias/municipio/66699-decreto-municipal-n-1972-de-29-de-dezembro-de-2021?fbclid=IwAR24F0MPx6l9YYKNdGI83Q6We7Cv4Ub6cT5VOXrZ3eMCJ6diEjMlb0-5j-c\" target=\"_self\" title=\"\">aqui</a>.</p>\r\n<p>\u00a0</p>", "author_name": "", "version": "1.0", "author_url": "https://www.rondaalta.rs.leg.br/author/morgana", "provider_name": "C\u00e2mara Municipal Ronda Alta - RS", "type": "rich"}