{"provider_url": "https://www.rondaalta.rs.leg.br", "title": "RELAT\u00d3RIO DE ATIVIDADES 2022", "html": "<p align=\"left\">Ap\u00f3s a realiza\u00e7\u00e3o do recesso regimental, previsto para o m\u00eas de janeiro, trazemos para a popula\u00e7\u00e3o um relat\u00f3rio sobre as atividades realizadas pelo legislativo em 2022.</p>\r\n<p align=\"left\"><span><span>Projetos de lei ordin\u00e1ria do executivo: 040, sendo rejeitados apenas 02. </span></span></p>\r\n<p align=\"left\"><span><span>Projetos de lei ordin\u00e1ria do legislativo: 04</span></span></p>\r\n<p align=\"left\"><span><span>Indica\u00e7\u00f5es: 10</span></span></p>\r\n<p align=\"left\"><span><span>Pedidos de Provid\u00eancias: 03</span></span></p>\r\n<p align=\"left\"><span><span>Resolu\u00e7\u00f5es: 07</span></span></p>\r\n<p align=\"left\"><span><span>Pedido de informa\u00e7\u00e3o:01</span></span></p>\r\n<p align=\"left\"><span><span>Mo\u00e7\u00f5es: 05</span></span></p>\r\n<p align=\"left\"><span><span>Foram realizadas 37 sess\u00f5es ordin\u00e1rias;<br /> 01 sess\u00e3o solene;<br /> 01 sess\u00e3o extraordin\u00e1ria;<br /> Emitidos 44 aut\u00f3grafos;<br /> Expedidos 90 of\u00edcios;<br /> 04 Portarias;<br />01 Requerimento.</span></span></p>\r\n<p align=\"left\"><span><span><br /></span></span></p>\r\n<p align=\"left\">\u00a0<b>INTEGRARAM A MESA EM 2022:</b></p>\r\n<p align=\"left\"><span><span>JULIANO RUBENS PEREGO \u2013 PRESIDENTE</span></span></p>\r\n<p align=\"left\"><span><span>VITOR ROQUE CAVAZINI \u2013 VICE PRESIDENTE</span></span></p>\r\n<p align=\"left\"><span><span>SILVANIO ROQUE LUCCA \u2013 PRIMEIRO SECRET\u00c1RIO</span></span></p>\r\n<p align=\"left\"><span><span>LIZANE GRACIOLLI PANDOLFI \u2013 SEGUNDA SECRET\u00c1RIA</span></span></p>\r\n<p align=\"left\">\u00a0</p>\r\n<p align=\"left\"><span><span>Ainda, muitas outras a\u00e7\u00f5es merecem destaque: </span></span></p>\r\n<p align=\"left\">\u00a0<i><b>Reativado o projeto Vereador Mirim</b></i></p>\r\n<p align=\"left\"><span><span>O Presidente, Juliano Perego se empenhou em organizar o reinicio dos trabalhos dos legisladores mirins para que houvesse um acr\u00e9scimo na rela\u00e7\u00e3o com os jovens cidad\u00e3os. </span></span></p>\r\n<p align=\"left\"><span><span>Durante o projeto 09 estudantes das escolas municipais e estaduais tiveram a oportunidade de conhecer o legislativo e trabalhar em diversos projetos que reverteram e resultado pr\u00e1ticos para a comunidade, bem como participaram de capacita\u00e7\u00f5es com vereadores e com o Juiz da Comarca, Dr. Abel Rodrigues. </span></span></p>\r\n<p align=\"left\"><span><span>Os parlamentares mirins tamb\u00e9m receberam valores, destinados pela Vereadora Lizane Pandolfi, para simular emendas parlamentares, que foram destinados a um dia de divers\u00e3o para as crian\u00e7as que se encontravam abrigadas. </span></span></p>\r\n<p align=\"left\"><span><span>Acompanhados do Presidente, que participou de todos os projetos dos jovens, realizaram o 1\u00ba Ped\u00e1gio Solid\u00e1rio e arrecadaram mais de mil reais, que foram entregues \u00e0 APAE, Casa da Crian\u00e7a e ao Solar Santa Ana. </span></span></p>\r\n<p align=\"left\"><span><span>E para eternizar o nome desses jovens na hist\u00f3ria do munic\u00edpio criou-se a Galeria Mirim com todos os participantes das edi\u00e7\u00f5es anteriores, pois todos se esfor\u00e7aram em conhecer melhor a estrutura do munic\u00edpio e pensar solu\u00e7\u00f5es que pudessem auxiliar o crescimento de Ronda Alta, merecendo o registro para a posteridade. </span></span></p>\r\n<p align=\"left\">\u00a0</p>\r\n<p align=\"left\"><span><span><i><b>Integra\u00e7\u00e3o com a comunidade </b></i></span></span></p>\r\n<p align=\"left\"><span><span>Foi um ano de muita participa\u00e7\u00e3o da Casa Legislativa em eventos da comunidade, em maio os vereadores auxiliaram na venda das fichas, na organiza\u00e7\u00e3o e servindo o 4\u00ba Jantar do Peixe na linha Bela Vista S\u00e3o Pedro. </span></span></p>\r\n<p align=\"left\"><span><span>Assim como participaram ativamente do Jantar do Vinho realizado em agosto, na comunidade da Linha Divis\u00f3ria, novamente auxiliando na organiza\u00e7\u00e3o, vendendo fichas, servindo a janta em conjunto com os demais organizadores. </span></span></p>\r\n<p align=\"left\"><span><span>A Casa recebeu tamb\u00e9m visitas de diversos representantes de entidades e comunidades que trouxeram suas demandas, como integrantes da ARPA, a Associa\u00e7\u00e3o Rondaltense de Protetores dos Animais, que contou com a articula\u00e7\u00e3o e o aux\u00edlio dos vereadores, em especial do Professor Juliano e do veterin\u00e1rio Mauro Tonin para conseguir uma parceria com o poder p\u00fablico para que os animais em situa\u00e7\u00e3o de rua possam receber aten\u00e7\u00e3o.</span></span></p>\r\n<p align=\"left\"><span><span>Ainda, o presidente, Professor Juliano Perego, participou de uma roda de conversas com os alunos da Escola Gaviolli, fazendo surgir uma indica\u00e7\u00e3o com diversas demandas dos jovens, para beneficiar a comunidade. </span></span></p>\r\n<p align=\"left\">\u00a0</p>\r\n<p align=\"left\"><span><span><i><b>Plen\u00e1rio L\u00f3ris Ant\u00f4nio Perego teve ampla utiliza\u00e7\u00e3o. </b></i></span></span></p>\r\n<p align=\"left\"><span><span>O Plen\u00e1rio da casa Legislativa possui ampla estrutura para receber o p\u00fablico, por essa raz\u00e3o ele \u00e9 disponibilizado a todas as esferas da administra\u00e7\u00e3o e de entidades da comunidade para a realiza\u00e7\u00e3o de reuni\u00f5es, semin\u00e1rios, cursos, eventos, palestras, para que se recebam convidados de honra, entre tantas outras finalidades. </span></span></p>\r\n<p align=\"left\"><span><span>No decorrer de 2022 o plen\u00e1rio Loris Antonio Perego recebeu, al\u00e9m das 37 Sess\u00f5es Plen\u00e1rias Ordin\u00e1rias, mais de 60 reuni\u00f5es, e demais eventos j\u00e1 mencionados. </span></span></p>\r\n<p align=\"left\">\u00a0</p>\r\n<p align=\"left\"><span><span><i><b>Recursos para Ronda Alta</b></i></span></span></p>\r\n<p align=\"left\"><span><span>Os parlamentares tamb\u00e9m fizeram viagens e reuni\u00f5es com assessores de deputados para buscar recursos para melhorar a infraestrutura, sa\u00fade, atendimento e transporte do munic\u00edpio. </span></span></p>\r\n<p align=\"left\">\u00a0</p>\r\n<p align=\"left\"><span><span><i><b>Moderniza\u00e7\u00e3o dos trabalhos</b></i></span></span></p>\r\n<p align=\"left\"><span><span>A pandemia trouxe a tona a necessidade de existirem op\u00e7\u00f5es digitais para permitir que os trabalhos sigam mesmo com a impossibilidade da presen\u00e7a f\u00edsica. </span></span></p>\r\n<p align=\"left\"><span><span>Al\u00e9m disso, j\u00e1 \u00e9 not\u00e1vel o fato de que o uso de documentos f\u00edsicos (papel) est\u00e1 ficando no passado. </span></span></p>\r\n<p align=\"left\"><span><span>Por essa raz\u00e3o a C\u00e2mara Normando Baldissarella foi <i><b>a primeira da regi\u00e3o</b></i><i> </i><i><b>a digitalizar todo o processo legislativo</b></i>, desde a elabora\u00e7\u00e3o do projeto at\u00e9 a sua vota\u00e7\u00e3o em plen\u00e1rio. </span></span></p>\r\n<p align=\"left\"><span><span>Todo o processo tamb\u00e9m pode ser acompanhado de perto pelo cidad\u00e3o que acessar o Portal Legislativo. L\u00e1 ele consegue ver, inclusive, todos os gr\u00e1ficos das proposi\u00e7\u00f5es realizadas pelo seu parlamentar, a tramita\u00e7\u00e3o e vota\u00e7\u00e3o de todos os projetos. </span></span></p>\r\n<p align=\"left\"><span><span>A redu\u00e7\u00e3o no uso do papel e a busca pelo meio digital colocou a Casa Legislativa no rumo da melhor comunica\u00e7\u00e3o com o cidad\u00e3o, que tem acesso em tempo real de tudo que acontece da Casa. </span></span></p>\r\n<p align=\"left\">\u00a0</p>\r\n<p align=\"left\"><span><span>Por fim, al\u00e9m de todos os feitos acima mencionados os vereadores receberam cidad\u00e3os, visitaram, participaram de eventos comunit\u00e1rios e buscaram estar pr\u00f3ximos da comunidade e levar as demandas at\u00e9 o Poder Executivo. </span></span></p>\r\n<p align=\"left\"><span><span>Lembramos que, nem sempre as demandas chegam at\u00e9 os vereadores, por essa raz\u00e3o disponibilizamos os meios para que a popula\u00e7\u00e3o possa traz\u00ea-las de modo a facilitar essa comunica\u00e7\u00e3o. </span></span></p>\r\n<p align=\"left\">\u00a0</p>", "author_name": "", "version": "1.0", "author_url": "https://www.rondaalta.rs.leg.br/author/morgana", "provider_name": "C\u00e2mara Municipal Ronda Alta - RS", "type": "rich"}