{"provider_url": "https://www.rondaalta.rs.leg.br", "title": "Reativado o Projeto Vereador Mirim em Ronda Alta", "html": "<p><span>O Presidente do Legislativo, Professor Juliano, em conversa com os demais colegas de bancada decidiu por reativar o Projeto Vereador Mirim para aproximar a juventude dos ideais de cidadania e gerar interesse pela participa\u00e7\u00e3o e constru\u00e7\u00e3o de pol\u00edticas p\u00fablicas municipais.</span></p>\r\n<p>Para viabilizar a retomada, est\u00e1 sendo realizada a altera\u00e7\u00e3o da resolu\u00e7\u00e3o 001/2013, que institui o programa no \u00e2mbito municipal, e o Presidente se reuniu com a Secret\u00e1ria Municipal de Educa\u00e7\u00e3o e Desporto, Andr\u00e9ia Srcapin Noetzold, para levar buscar aux\u00edlio sobre a realiza\u00e7\u00e3o dos procedimentos de escolha dos vereadores nas escolas do munic\u00edpio.</p>\r\n<p>A Secret\u00e1ria, por sua vez, se mostrou muito feliz com a iniciativa e elogiou o Legislativo, pois acredita que ser\u00e1 uma oportunidade para os alunos desenvolverem habilidades e para despontarem lideran\u00e7as entre os jovens da comunidade.</p>\r\n<p>Perego destacou que ser\u00e1 necess\u00e1rio o trabalho conjunto entre as escolas e o legislativo, pois se pretende empossar os vereadores mirins em junho e realizar uma forma\u00e7\u00e3o para que possam desenvolver seus trabalhos com mais propriedade acerca dos assuntos.</p>\r\n<p>Assim, j\u00e1 est\u00e1 agendada uma reuni\u00e3o com as dire\u00e7\u00f5es das escolas com alunos de oitavo e nono ano para dar seguimento \u00e0 escolha dos jovens parlamentares que acontecer\u00e1 nos pr\u00f3ximos dias.</p>\r\n<p>Lembramos que esse projeto iniciou no ano de 2014 com o apoio e trabalho de ex-vereador Luis Ant\u00f4nio Gadini, o Professor Tonho, e dos demais colegas que aprovaram e estabeleceram a resolu\u00e7\u00e3o.</p>", "author_name": "", "version": "1.0", "author_url": "https://www.rondaalta.rs.leg.br/author/morgana", "provider_name": "C\u00e2mara Municipal Ronda Alta - RS", "type": "rich"}