{"provider_url": "https://www.rondaalta.rs.leg.br", "title": "Realizada sess\u00e3o plen\u00e1ria ordin\u00e1ria", "html": "<p style=\"text-align: justify; \"><span><span>Os vereadores do munic\u00edpio de Ronda Alta reuniram-se na noite de ter\u00e7a-feira, 26 de novembro, para a realiza\u00e7\u00e3o de mais uma sess\u00e3o plen\u00e1ria ordin\u00e1ria. Sob a presid\u00eancia do Presidente Moacir Orbak, o encontro foi secretariado pelo 1\u00ba Secret\u00e1rio Vitor Roque Cavazini e contou com a presen\u00e7a dos demais vereadores com assento na Casa: Ant\u00e3o Lindomar Pavoski, Carlos Roberto Gavioli, Eliomar Jos\u00e9 Rigo, Jos\u00e9 Fontana, Luiz Antonio Gadini, Sidnei Nayssinho e Silvanio Roque Lucca. <br /> Na ordem do dia, conforme previamente ajustado, com o aval das Bancadas e Comiss\u00f5es pertinentes, foram pautados e apreciados os seguintes projetos:</span></span></p>\r\n<p style=\"text-align: justify; \"><span><span><strong>Projeto de Lei n\u00ba </strong><span><strong>003</strong>, de 20 de novembro de 2019, do Legislativo, que \u201cautoriza reposi\u00e7\u00e3o salarial ao servidor p\u00fablico do Poder Legislativo\u201d. Aprovado por unanimidade.<br /></span></span></span><span><strong>Projeto de Lei n\u00ba 004</strong>, de 20 de novembro de 2019, do Legislativo, que \u201cautoriza reposi\u00e7\u00e3o inflacion\u00e1ria aos subs\u00eddios dos agentes pol\u00edticos do munic\u00edpio de Ronda Alta/RS e d\u00e1 outras provid\u00eancias\u201d. </span><span>Este projeto teve, em plen\u00e1rio, emenda </span><span>apresentada pelo vereador Eliomar Jos\u00e9 Rigo, suprimindo a reposi\u00e7\u00e3o inflacion\u00e1ria aos subs\u00eddios dos agentes pol\u00edticos, sendo no seu m\u00e9rito, acatada na unanimidade pelos seus pares, restando, consequentemente, rejeitado.<br /></span><span><strong>Projeto de Lei n\u00ba 032</strong>, de 16 de outubro de 2019, do Executivo, que \u201caltera reda\u00e7\u00e3o do art. 4\u00ba da Lei Municipal n\u00ba. 1.901, de 04/09/2017 - institui a Turma Volante Municipal - TVM e d\u00e1 outras provid\u00eancias\u201d. </span><span>Aprovado por unanimidade.<br /></span><span>Projeto de Lei n\u00ba 036, de 05 de novembro de 2019, do Executivo, que \u201cinclui Programa no PPA, na LDO, abre cr\u00e9ditos especiais e aponta recursos no or\u00e7amento municipal\u201d. </span><span>Aprovado por unanimidade.<br /></span><strong>Projeto de Lei n\u00ba </strong><span><strong>039</strong>, de 18 de novembro de 2019, do Executivo, que \u201cautoriza o Poder Executivo a firmar parceria e repassar recursos \u00e0 Associa\u00e7\u00e3o Comercial e Industrial de Ronda Alta - (ACIRA) e d\u00e1 outras provid\u00eancias\u201d. Aprovado por unanimidade.<br /></span><span><strong>Projeto de Lei n\u00ba 040</strong>, de 20 de novembro de 2019, do Executivo, que \u201cconcede reposi\u00e7\u00e3o salarial aos servidores p\u00fablicos municipais e d\u00e1 outras provid\u00eancias\u201d. Aprovado por unanimidade.</span></p>\r\n<p style=\"text-align: justify; \"><span><span>O grande expediente foi utilizado pelos vereadores: <span>Ant\u00e3o Lindomar Pavoski, Carlos Roberto Gavioli, Eliomar Jos\u00e9 Rigo, Jos\u00e9 Fontana, Sidnei Nayssinho, Silvanio Roque Lucca e Vitor Roque Cavazini. Suas manifesta\u00e7\u00f5es encontram-se, temporariamente, registradas no sistema de som da C\u00e2mara Municipal.</span></span></span></p>\r\n<p style=\"text-align: justify; \"><span><span>A pr\u00f3xima sess\u00e3o plen\u00e1ria ordin\u00e1ria ser\u00e1 realizada ter\u00e7a-feira, 10 de dezembro, \u00e0s 19h. Participe!</span></span></p>\r\n<p style=\"text-align: justify; \">\u00a0</p>", "author_name": "silvia", "version": "1.0", "author_url": "https://www.rondaalta.rs.leg.br/author/silvia", "provider_name": "C\u00e2mara Municipal Ronda Alta - RS", "type": "rich"}