{"provider_url": "https://www.rondaalta.rs.leg.br", "title": "Realizada a primeira sess\u00e3o de 2022", "html": "<p><span>Na noite dessa ter\u00e7a-feira, dia 02, iniciaram os trabalhos do legislativo ap\u00f3s o recesso parlamentar.</span></p>\r\n<p>Na sess\u00e3o presidida por Juliano Perego e secretariada pelo vereador Silvanio Roque Lucca, com a presen\u00e7a dos 09 parlamentares, foram lidos os Projetos de Lei Ordin\u00e1ria de n\u00ba 001, 002, 003 e 004 que tratam de dota\u00e7\u00f5es e suplementa\u00e7\u00f5es or\u00e7ament\u00e1rias. Assim como foram lidos 03 of\u00edcios encaminhados \u00e0 C\u00e2mara de Vereadores.</p>\r\n<p>Ainda, nessa primeira ses\u00e3o tamb\u00e9m foram definidas, de forma consensual, as Comiss\u00f5es Permanentes da C\u00e2mara Municipal para o ano de 2022, sendo que ficaram assim constitu\u00eddas:</p>\r\n<p><b>Comiss\u00e3o de Constitui\u00e7\u00e3o e Justi\u00e7a</b>: Presidente vereador Silvanio Roque Lucca, Relator vereador Vitor Roque Cavazini, e Revisor vereador Mauro Tadeu Tonin;</p>\r\n<p><b>Comiss\u00e3o de Finan\u00e7as e Or\u00e7amento</b>, Presidente vereador Edivan Lunardi, Relator vereador Lucimar Zanchet, e Revisor vereador Sidnei Nayssinho;</p>\r\n<p><b>Comiss\u00e3o de Obras e Servi\u00e7os P\u00fablicos</b>, Presidente vereador Vitor Roque Cavazini, Relator vereador Silv\u00e2nio Roque Lucca, e Revisor vereador Mauro Tadeu Tonin;</p>\r\n<p><b>Comiss\u00e3o de Educa\u00e7\u00e3o, A\u00e7\u00e3o Social e Meio Ambiente</b>, Presidente vereador Kleber Luis Civardi, Relator vereadora Lizane Graciolli Pandolfi, e Revisor vereador Edivan Lunardi.</p>\r\n<p>Tamb\u00e9m foram definidas as lideran\u00e7as de bancadas e de governo, ficando assim compostas:</p>\r\n<p><b>L\u00edder de Governo</b>: vereador Edivan Lunardi.;</p>\r\n<p><b>Vice-L\u00edder de Governo:</b> vereador Vitor Roque Cavazini;</p>\r\n<p><b>L\u00edder da Bancada Governista</b>: vereadora Lizane Gracilli Pandolfi;</p>\r\n<p><b>Vice-L\u00edder da Bancada Governista: </b>vereador Lucimar Zanchet;</p>\r\n<p><b>L\u00edder da Bancada de Oposi\u00e7\u00e3o</b>: vereador Sidnei Nayssinho;</p>\r\n<p><b>Vice-l\u00edder da Bancada de Oposi\u00e7\u00e3o</b>: vereador Mauro Tadeu Tonin.</p>\r\n<p>Na noite n\u00e3o houve a realiza\u00e7\u00e3o de grande expediente, contudo, os vereadores dispuseram de espa\u00e7o para se manifestar acerca das perspectivas para o ano de 2022, mencionando que este \u00e9 um ano importante para alavancar os trabalhos do Legislativo.</p>\r\n<p>O novo Presidente, Professor Juliano, destacou que pretende mamter o bom di\u00e1logo entre os colegas e com o Executivo Municipal, pois entende que assim o trabalho dos legisladores se torna mais eficiente, em benef\u00edcio da popula\u00e7\u00e3o.</p>\r\n<p>Em raz\u00e3o de ser a primeira sess\u00e3o ap\u00f3s o recesso, n\u00e3o tiveram mat\u00e9rias para aprecia\u00e7\u00e3o na ordem do dia, os parlamentares ainda refor\u00e7aram o convite para que a popula\u00e7\u00e3o participe das sess\u00f5es e eventos que ser\u00e3o promovidos pela Casa.</p>", "author_name": "", "version": "1.0", "author_url": "https://www.rondaalta.rs.leg.br/author/morgana", "provider_name": "C\u00e2mara Municipal Ronda Alta - RS", "type": "rich"}