{"provider_url": "https://www.rondaalta.rs.leg.br", "title": "Realizada a 6\u00aa SESS\u00c3O PLEN\u00c1RIA ORDIN\u00c1RIA      ", "html": "<p align=\"justify\"><span>Na noite dessa ter\u00e7a-feira, </span><span>21/03/2023, com in\u00edcio \u00e0s dezenove horas (19:00hs) no Plen\u00e1rio Loris Antonio Perego, situado na Avenida Presidente Vargas, n\u00ba 1184, Centro, na cidade de Ronda Alta, Estado do Rio Grande do Sul, a C\u00e2mara Municipal de Vereadores Normando Baldissarella realizou </span><span><b>a sexta Sess\u00e3o Plen\u00e1ria Ordin\u00e1ria do ano de 2023, da 3\u00aa (terceira) Sess\u00e3o Legislativa, da 14\u00aa (d\u00e9cima quarta) Legislatura</b></span><span>, sendo presidida pelo Presidente, vereador Kleber Lu\u00eds Civardi, secretariada pelo vereador Silvanio Roque Lucca, segundo secret\u00e1rio. Participaram tamb\u00e9m da Sess\u00e3o os Vereadores: Lucimar Zanchet, Mauro Tadeu Tonin, Edivan Lunardi, Lizane Graciolli Pandolfi, Sidnei Nayssinho e Vitor Roque Cavazini.</span></p>\r\n<p align=\"justify\"><span><span><span><span><span><span><span>De in\u00edcio foi c</span></span></span></span></span><span><span><span><span><span>onstatada a exist\u00eancia de n\u00famero regimental de Vereadores no plen\u00e1rio, </span></span></span></span></span><span><span><span><span><span>assim </span></span></span></span></span><span><span><span><span><span>o Presidente invocou a prote\u00e7\u00e3o de Deus e declarou aberta a Sess\u00e3o Plen\u00e1ria Ordin\u00e1ria. Colocou para aprecia\u00e7\u00e3o a Ata da Sess\u00e3o Plen\u00e1ria Ordin\u00e1ria realizada no dia quatorze de mar\u00e7o de dois mil e vinte e tr\u00eas, a qual, ap\u00f3s lida e oportunizada sua discuss\u00e3o, foi APROVADA POR UNANIMIDADE. </span></span></span></span></span></span></span></p>\r\n<p align=\"justify\"><span><span><span><span><span><span><span>No expediente constou a leitura das seguintes mat\u00e9rias: Of\u00edcio do Executivo n\u00ba 003/2023 - Solicitando a escolha de um representante para compor a Comiss\u00e3o do RPPS Municipal </span></span></span></span></span><span><span><span><span><span>como titular e um como suplente</span></span></span></span></span><span><span><span><span><span>. </span></span></span></span></span><span><span><span><span><span>Tamb\u00e9m foi lido o </span></span></span></span></span><span><span><span><span><span>Projeto de Lei Ordin\u00e1ria do Executivo Municipal n\u00ba 005/2023, de 14 de mar\u00e7o de 2023 - Inclui programa no PPA, na LDO, abre cr\u00e9dito especial e aponta recursos no or\u00e7amento municipal.</span></span></span></span></span></span></span></p>\r\n<p align=\"justify\"><span><span><span><span><span><span><span>Foram escolhidos os vereadores Juliano Rubens Perego (titular) e Edivan Lunardi (suplente), para representarem a C\u00e2mara de Vereadores junto a Comiss\u00e3o do RPPS Municipal.</span></span></span></span></span><span><span><span><span> </span></span></span></span></span></span></p>\r\n<p align=\"justify\"><span><span><span><span><span><span>No grande expediente m</span></span></span></span><span><span><span><span><span>anifestou-se a parlamentar: Lizane Graciolli Pandolfi.\u00a0 Sua manifesta\u00e7\u00e3o encontra-se gravada no sistema de som da C\u00e2mara. </span></span></span></span></span></span></span></p>\r\n<p align=\"justify\"><span><span><span><span><span><span><span>Na ordem do dia foi votado o </span></span></span></span></span><span><span><span><span><span>Projeto de Resolu\u00e7\u00e3o n\u00ba 001/2023 \u2013 </span></span></span></span></span><span><span><span><span><span>Que r</span></span></span></span></span><span><span><span><span><span>egulamenta os bens de consumo, nos termos do art. 20 da Lei Federal n\u00ba 14.133, de 1\u00ba de abril de 2021, no \u00e2mbito do Poder Legislativo do Munic\u00edpio de Ronda Alta/RS, a qual foi APROVADA POR UNANIMIDADE.</span></span></span></span></span></span></span></p>\r\n<p align=\"justify\"><span><span><span><span><span><span><span>Ainda, ficaram </span></span></span></span></span><span><span><span><span><span>definidos para utiliza\u00e7\u00e3o do espa\u00e7o radiof\u00f4nico no dia 25/03/2023 os vereadores Sidnei Nayssinho e Lizane Graciolli Pandolfi. </span></span></span></span></span></span></span></p>\r\n<p align=\"justify\"><span><span><span><span><span><span><span><span>Por fim</span></span></span></span></span></span></span><span><span><span><span><span><b><span>, </span></b></span></span></span></span></span><span><span><span><span><span><span><span>Nada mais havendo a tratar, o Presidente agradeceu \u00e0 presen\u00e7a e a colabora\u00e7\u00e3o dos nobres pares e os convocou para a pr\u00f3xima Sess\u00e3o Plen\u00e1ria Ordin\u00e1ria , a ser realizada no dia 28/03/2023, no seu local e hor\u00e1rio de costume. Ap\u00f3s, encerrou os trabalhos e solicitou que o resumo do andamento da sess\u00e3o constasse em ata, que aprovada, vai devidamente assinada.</span></span></span></span></span></span></span></span></p>\r\n<p align=\"justify\"><span><span><span><span><span><span><span><span>Para acompanhar os trabalhos do seu parlamentar acesse: <a href=\"https://cmrondaalta.cittatec.com.br/portal-legislativo/vereadores\">https://cmrondaalta.cittatec.com.br/portal-legislativo/vereadores</a>.</span></span></span></span></span></span></span></span></p>\r\n<p align=\"justify\"><span><span><span><span> </span></span></span></span><span><br /> </span><span>A sess\u00f5es s\u00e3o transmitidas ao vivo pelo facebook da C\u00e2mara de vereadores de Ronda Alta <a href=\"https://www.facebook.com/C%C3%A2mara-de-Vereadores-de-Ronda-Alta-376605799213221\">https://www.facebook.com/C%C3%A2mara-de-Vereadores-de-Ronda-Alta-376605799213221</a> </span></p>", "author_name": "", "version": "1.0", "author_url": "https://www.rondaalta.rs.leg.br/author/morgana", "provider_name": "C\u00e2mara Municipal Ronda Alta - RS", "type": "rich"}