{"provider_url": "https://www.rondaalta.rs.leg.br", "title": "Realizada a 14\u00aa Sess\u00e3o Plen\u00e1ria Ordin\u00e1ria de 2021", "html": "<p align=\"left\"><span><span><span><span><span><span><span>Na noite dessa ter\u00e7a-feira os parlamentares se reuniram na C\u00e2mara </span></span></span></span></span></span></span><span><span><span><span><span><span><span>Municipal de Vereadores para a 14\u00aa Sess\u00e3o Plen\u00e1ria Ordin\u00e1ria de 2020. </span></span></span></span></span></span></span></p>\r\n<p align=\"left\">No expediente foram lidas as seguintes mat\u00e9rias:</p>\r\n<p align=\"left\">PROJETO DE LEI ORDIN\u00c1RIA DO EXECUTIVO N\u00ba. 010, DE 30 DE ABRIL DE 2021 - Reestrutura o Conselho Municipal de Acompanhamento e Controle Social do Fundo de Manuten\u00e7\u00e3o e Desenvolvimento da Educa\u00e7\u00e3o B\u00e1sica e de Valoriza\u00e7\u00e3o dos Profissionais da Educa\u00e7\u00e3o - CACS-FUNDEB e d\u00e1 outras provid\u00eancias.</p>\r\n<p align=\"left\"><span><span><span><span><span><span><span>PROJETO DE LEI </span></span></span></span></span></span></span><span><span><span><span><span><span><span>ORDIN\u00c1RIA </span></span></span></span></span></span></span><span><span><span><span><span><span><span>DO EXECUTIVO N\u00ba. </span></span></span></span></span></span></span><span><span><span><span><span><span><span>011 </span></span></span></span></span></span></span><span><span><span><span><span><span><span>- Autoriza a concess\u00e3o de patroc\u00ednio, na forma de apoio cultural, \u00e0 R\u00e1dio Comunit\u00e1ria Sociedade Comunit\u00e1ria Navegantes e d\u00e1 outras provid\u00eancias.</span></span></span></span></span></span></span></p>\r\n<p align=\"left\"><span><span><span><span><span><span><span>Oficio SMED. N\u00ba 05/2021</span></span></span></span></span></span></span> \u2013 Indica\u00e7\u00e3o de integrantes para a comiss\u00e3o de estudo do Plano de carreira do Magist\u00e9rio P\u00fablico Municipal.</p>\r\n<p align=\"left\"><span><span><span><span><span><span><span>Mo\u00e7\u00e3o 04/2021- </span></span></span></span></span></span></span><span><span><span><span><span><span><span>Lida a </span></span></span></span></span></span></span><span><span><span><span><span><span><span>Mo\u00e7\u00e3o de Apoio ao PL2564/2020 que regulamenta o Piso Salarial para a Enfermagem e estabelece carga hor\u00e1ria de 30h semanais para a categoria.</span></span></span></span></span></span></span></p>\r\n<p align=\"left\">Requerimento Administrativo 001/2021 \u2013 Nelson Jacobs, Presidente do PSL de Ronda Alta, requereu \u00e0 C\u00e2mara Municipal que preste informa\u00e7\u00f5es sobre a legalidade da contrata\u00e7\u00e3o do Secret\u00e1rio de Ind\u00fastria e Com\u00e9rcio, Sr. Osmar Raimondi, e sobre o cumprimento das disposi\u00e7\u00f5es da Lei Complementar 173/2020.</p>\r\n<p align=\"left\">N\u00e3o houve a realiza\u00e7\u00e3o de ordem do dia pois n\u00e3o havia nenhuma mat\u00e9ria para ser votada na oportunidade.</p>\r\n<p align=\"left\">No grande expediente usaram a palavra ,na seguinte ordem, os vereadores:</p>\r\n<p align=\"left\">Juliano Perego (PSB)</p>\r\n<p align=\"left\">Vitor Roque Cavazine (MDB)</p>\r\n<p align=\"left\">Mauro Tadeu Tonin (PT)</p>\r\n<p align=\"left\">Lizane Graciolli Pandolfi (PP)</p>\r\n<p align=\"left\">Silvanio Roque Lucca (PT)</p>\r\n<p align=\"left\">Sidnei Nayssinho (PT)</p>\r\n<p align=\"left\">Essas foram as atividades realizadas na noite dessa ter\u00e7a-feira, sendo que, a sess\u00e3o completa se encontra em nossa p\u00e1gina do facebook.</p>", "author_name": "", "version": "1.0", "author_url": "https://www.rondaalta.rs.leg.br/author/morgana", "provider_name": "C\u00e2mara Municipal Ronda Alta - RS", "type": "rich"}