{"provider_url": "https://www.rondaalta.rs.leg.br", "title": "Realizada a 10\u00aa Sess\u00e3o Plen\u00e1ria Ordin\u00e1ria de 2021", "html": "<p align=\"justify\"><span>Na \u00faltima ter\u00e7a-feira, 30 de mar\u00e7o de 2021,</span><span> foi realizada a d\u00e9cima sess\u00e3o plen\u00e1ria ordin\u00e1ria do ano de 2021, da 14\u00aa (d\u00e9cima quarta) Legislatura.</span></p>\r\n<p align=\"justify\"><span><span><span>A sess\u00e3o foi presidida por seu Presidente, vereador Silvanio Roque Lucca, e secretariada pela vereadora Lizane Graciolli Pandolfi, 1\u00aa secret\u00e1ria e da qual tamb\u00e9m participaram os Vereadores: Carmem Teresinha Prates dos Santos, Edivan Lunardi, Juliano Rubens Perego, Kleber Luis Civardi, Lucimar Zanchet, Sidnei Nayssinho, Vitor Roque Cavazini. </span></span></span></p>\r\n<p align=\"justify\"><span><span><span>No in\u00edcio foi c</span></span></span><span><span><span>onstatada a presen\u00e7a de n\u00famero regimental de Vereadores no plen\u00e1rio, o Presidente invocou a prote\u00e7\u00e3o de Deus e declarou aberta a d\u00e9cima sess\u00e3o plen\u00e1ria ordin\u00e1ria. Solicitou a Secret\u00e1ria que fizesse a leitura da ata de n\u00famero nove, de vinte e tr\u00eas de mar\u00e7o do corrente ano, que ap\u00f3s lida e oportunizada a discuss\u00e3o, foi aprovada por unanimidade e sem ressalvas. </span></span></span></p>\r\n<p align=\"justify\"><span><span><span>Foi comunicado pelo presidente que est\u00e1 </span></span></span><span><span><span>buscando a realiza\u00e7\u00e3o de contrata\u00e7\u00e3o de</span></span></span><span><span><span> espa\u00e7o radiof\u00f4nico para divulga\u00e7\u00e3o das atividades do legislativo, o que foi respaldado pelo plen\u00e1rio. </span></span></span><span><span><span>Ainda, f</span></span></span><span><span><span>icou decidido que haver\u00e1 uma homenagem aos profissionais de sa\u00fade na pr\u00f3xima segunda-feira, dia cinco de abril, \u00e0s nove horas, na C\u00e2mara Municipal. </span></span></span></p>\r\n<p align=\"justify\"><span><span><span>No expediente f</span></span></span><span><span><span>oi lida a Indica\u00e7\u00e3o n\u00ba 0</span></span></span><span><span><span>0</span></span></span><span><span><span>6, </span></span></span><span><span><span>elaborada pelo vereador Sidnei Nayssinho (PT), que tem como tema a identifica\u00e7\u00e3o das ruas do loteamento Bem Viver I e II, no Bairro Santa Helena, junto aos correios para que os moradores da localidade possam acessar esse importante servi\u00e7o. Bem como a coloca\u00e7\u00e3o de placas de identifica\u00e7\u00e3o e verifica\u00e7\u00e3o de poss\u00edveis locais que estejam com a mesma demanda. </span></span></span></p>\r\n<p align=\"justify\"><span><span><span>J\u00e1 na ordem do dia f</span></span></span><span><span><span>oi colocada em aprecia\u00e7\u00e3o, e ap\u00f3s em vota\u00e7\u00e3o, a indica\u00e7\u00e3o n\u00ba 006/2021, que devido </span></span></span><span><span><span>\u00e0</span></span></span><span><span><span> urg\u00eancia do prazo para encaminhamento foi aprovada por unanimidade. </span></span></span></p>\r\n<p align=\"justify\"><span><span><span>Da mesma forma foi aprovado por unanimidade a indica\u00e7\u00e3o n\u00b0 05, </span></span></span><span><span><span><span><span><span><span><span>que i</span></span></span></span></span></span></span></span><span><span><span><span><span><span><span>ndica ao Chefe do Poder Executivo que, envie a esta Casa Justificativa, para n\u00e3o vacinar as pessoas de grupo de risco, idosos, na sexta feia a tarde, ou final de semana, quando houver vacinas dispon\u00edveis.</span></span></span></span></span></span></span></p>\r\n<p><span><span><span>Ainda foram apreciados e, ap\u00f3s oportunizada discuss\u00e3o em plen\u00e1rio, foram aprovados por unanimidade os Projetos de Lei do Executivo 06/2021 </span></span></span><span><span><span>(sobre suplementa\u00e7\u00e3o do or\u00e7amento da Coordenadoria Municipal de Agricultura) </span></span></span><span><span><span>e 07/2021 </span></span></span><span><span><span>(sobre a compra de vacinas pelo munic\u00edpio para combater a pandemia, caso se fa\u00e7a necess\u00e1rio).</span></span></span></p>\r\n<p><span>Ap\u00f3s manifesta\u00e7\u00e3o dos vereadores, foi aprovado o Pedido de Informa\u00e7\u00e3o n\u00ba 001/2021 </span><span>(sobre esclarecimentos de pronunciamento do Prefeito Municipal durante informat\u00edvo por meio radiof\u00f4nico ocorrido em 06/02/2021)</span><span>, por cinco votos favor\u00e1veis e quatro contra</span></p>\r\n<p align=\"justify\"><span>No grande expediente manifestaram-se, pela ordem, os vereadores Lucimar Zanchet, Kleber Civardi, Lizane Graciolli Pandolfi, Vitor Roque Cavazini, Sidnei Nayssinho e Silvanio Roque Lucca. O conte\u00fado das manifesta\u00e7\u00f5es encontra-se gravado no sistema de som interno da C\u00e2mara </span><span>e a grava\u00e7\u00e3o completa da sess\u00e3o se encontra em nossa p\u00e1gina do facebook.</span></p>\r\n<p align=\"justify\"><span>Por fim, n</span><span>ada mais havendo a tratar, o Presidente agradeceu \u00e0 presen\u00e7a e a colabora\u00e7\u00e3o dos nobres pares e os convocou para a pr\u00f3xima sess\u00e3o plen\u00e1ria ordin\u00e1ria, a ser realizada no dia 13 (treze) de abril, no seu local e hor\u00e1rio de costume.</span></p>", "author_name": "", "version": "1.0", "author_url": "https://www.rondaalta.rs.leg.br/author/morgana", "provider_name": "C\u00e2mara Municipal Ronda Alta - RS", "type": "rich"}