{"provider_url": "https://www.rondaalta.rs.leg.br", "title": "Realizada 7\u00aa Sess\u00e3o Plen\u00e1ria Ordin\u00e1ria de 2021", "html": "<p align=\"justify\"><span>Na noite do dia </span><span>nove dias de mar\u00e7o </span><span>de</span><span> 2021</span><span>, com in\u00edcio \u00e0s dezenove horas, na sala de trabalhos, no edif\u00edcio da Prefeitura Municipal de Ronda Alta, Estado do Rio Grande do Sul, foi realizada a </span><span><b>s\u00e9tima sess\u00e3o plen\u00e1ria ordin\u00e1ria do ano de 2021, da 14\u00aa (d\u00e9cima quarta) Legislatura</b></span><span>, sendo presidida pelo seu Presidente, vereador Silvanio Roque Lucca, e secretariada pela vereadora Lizane Graciolli Pandolfi, 1\u00aa secret\u00e1ria, da qual participaram tamb\u00e9m os Vereadores: Edivan Lunardi</span><span>(PDT)</span><span>, Juliano Rubens Perego </span><span>(PSB)</span><span>, Kleber Luis Civardi</span><span>(PT)</span><span>, Lucimar Zanchet</span><span>(PDT)</span><span>, Sidnei Nayssinho</span><span>(PT)</span><span>, Vitor Roque Cavazini</span><span>(MDB)</span><span> e Carmem Teresinha Prates dos Santos</span><span>(PT)</span><span>.</span></p>\r\n<p align=\"justify\"><span><span>Durante a abertura foi c</span></span><span><span>onstatada a exist\u00eancia de n\u00famero regimental de Vereadores no plen\u00e1rio, o Presidente invocou a prote\u00e7\u00e3o de Deus e declarou aberta a </span></span><span><span>6\u00aa</span></span><span><span> sess\u00e3o plen\u00e1ria ordin\u00e1ria. </span></span></p>\r\n<p align=\"justify\"><span><span>Inicialmente foi lido o requerimento do Vereador Mauro Tadeu Tonin, solicitando afastamento do cargo por tempo indeterminado, para tratar de assuntos particulares. O requerimento foi aceito </span></span><span><span>pelos edis</span></span><span><span>. </span></span></p>\r\n<p align=\"justify\"><span><span>Ato cont</span></span><span><span>\u00ed</span></span><span><span>nuo, foi convocada a primeira suplente do Partido dos Trabalhadores, Carmem Teresinha Prates dos Santos, a qual prestou juramento e foi empossad</span></span><span><span>a</span></span><span><span> no cargo. Os atos foram respaldados pelas Resolu\u00e7\u00f5es n\u00fameros 001 e 002 que, respectivamente, </span></span><span><span>c</span></span><span><span>oncede</span></span><span><span>ram</span></span><span><span> a </span></span><span><span>l</span></span><span><span>icen\u00e7a ao Vereador Mauro e convoca</span></span><span><span>ram</span></span><span><span> a suplente Carmem, as quais foram aprovadas por unanimidade. </span></span></p>\r\n<p align=\"justify\"><span><span>Dando sequ\u00eancia aos trabalhos o presidente colocou para aprecia\u00e7\u00e3o a ata n\u00famero seis da Sess\u00e3o Ordin\u00e1ria realizada no dia 23(vinte e tr\u00eas) de fevereiro passado, a qual, ap\u00f3s lida e oportunizada a discuss\u00e3o, foi aprovada por unanimidade sem ressalvas.</span></span></p>\r\n<p align=\"justify\"><span><span>J\u00e1 durante o expediente,</span></span><span><span> </span></span><span><span>f</span></span><span><span>oram lidas as seguinte</span></span><span><span>s</span></span><span><span> mat\u00e9rias: </span></span><span><span><span><span>Projeto de lei n\u00ba 02/2021; Projeto de Lei n\u00ba 03/2021; Projeto de Lei n\u00ba 04/2021; Projeto de Lei n\u00ba 05/2021; Projeto de Lei n\u00ba 06/2021; Indica\u00e7\u00e3o n\u00ba 03/2021. </span></span></span></span></p>\r\n<p align=\"justify\"><span><span><span><span>Na ordem do dia f</span></span></span></span><span><span><span><span>oi colocado em aprecia\u00e7\u00e3o o Projeto de Lei </span></span></span></span><span><span><span><span>n\u00ba</span></span></span></span><span><span><span><span>01, o qual recebeu parecer favor\u00e1vel da Comiss\u00e3o de Constitui\u00e7\u00e3o e Justi\u00e7a, e colocado em vota\u00e7\u00e3o foi aprovado por unanimidade. Da mesma forma foram aprovados por unanimidade, o Requerimento 01/2021, as indica\u00e7\u00f5es 001/2021 e 002/2021. </span></span></span></span></p>\r\n<p align=\"justify\"><span><span><span><span>Tamb\u00e9m f</span></span></span></span><span><span><span><span>oi lido o Of</span></span></span></span><span><span><span><span>\u00ed</span></span></span></span><span><span><span><span>cio RPPS 03/2021, solicitando a indica\u00e7\u00e3o dos representantes do Pode</span></span></span></span><span><span><span><span>r</span></span></span></span><span><span><span><span> Legislativo no Conselho Municipal de Previd\u00eancia Social, sendo indicados, como Titular o Vereador Juliano Rubens Perego e como Suplente o Vereador Edivan Lunardi.</span></span></span></span></p>\r\n<p align=\"justify\"><span><span><span>No grande expediente manifestaram-se os vereadores Juliano Rubens Perego, Lizane Graciolli Pandolfi, Sidnei Nayssinho e Silvanio Roque Lucca.</span></span></span><span><span> O conte\u00fado das manifesta\u00e7\u00f5es encontra-se gravado no sistema de som interno da C\u00e2mara.</span></span></p>\r\n<p align=\"justify\"><span><span><span>Por fim, n</span></span></span><span><span>ada mais havendo a tratar, o Presidente agradeceu </span></span><span><span>a</span></span><span><span> presen\u00e7a e a colabora\u00e7\u00e3o dos nobres pares e os convocou para a pr\u00f3xima sess\u00e3o plen\u00e1ria ordin\u00e1ria, a ser realizada no dia 16 (dezesseis) de mar\u00e7o, no seu local e hor\u00e1rio de costume. Ap\u00f3s, encerrou os trabalhos e solicitou que o resumo do andamento da sess\u00e3o constasse em ata, que aprovada, vai devidamente assinada.</span></span></p>", "author_name": "", "version": "1.0", "author_url": "https://www.rondaalta.rs.leg.br/author/morgana", "provider_name": "C\u00e2mara Municipal Ronda Alta - RS", "type": "rich"}