{"provider_url": "https://www.rondaalta.rs.leg.br", "title": "Realizada 31\u00aa Sess\u00e3o Plen\u00e1ria Ordin\u00e1ria", "html": "<p align=\"left\"><span><span><span>Na noite dessa quarta-feira, dia 13 de outubro, foi realizada a 31\u00aa sess\u00e3o plen\u00e1ria ordin\u00e1ria de 2021. </span></span></span></p>\r\n<p align=\"left\"><span><span><span><span><span><span><span>Durante a sess\u00e3o no expediente foi lida a ata da 30\u00aa sess\u00e3o plen\u00e1ria ordin\u00e1ria e o </span></span></span></span></span></span></span><span><span><span><span><span><span><span>O</span></span></span></span></span></span></span><span><span><span><span><span><span><span>f\u00edcio da </span></span></span></span></span></span></span><span><span><span><span><span><span><span>S</span></span></span></span></span></span></span><span><span><span><span><span><span><span>ecretaria </span></span></span></span></span></span></span><span><span><span><span><span><span><span>M</span></span></span></span></span></span></span><span><span><span><span><span><span><span>unicipal de </span></span></span></span></span></span></span><span><span><span><span><span><span><span>S</span></span></span></span></span></span></span><span><span><span><span><span><span><span>a\u00fade </span></span></span></span></span></span></span><span><span><span><span><span><span><span>n\u00ba 324/2021. </span></span></span></span></span></span></span></p>\r\n<p align=\"left\">Tamb\u00e9m foi lido o projeto de Projeto de Lei Ordin\u00e1ria 033 - Autoriza a contrata\u00e7\u00e3o emergencial e tempor\u00e1ria de um (a) Nutricionista.</p>\r\n<p align=\"left\">Na ordem do dia foi votado o Projeto de Lei Ordin\u00e1ria 028 \u2013 que Institui o Regime de Previd\u00eancia Complementar no \u00e2mbito do munic\u00edpio de Ronda Alta; que fixa o limite m\u00e1ximo para a concess\u00e3o de aposentadorias e pens\u00f5es pelo regime de previd\u00eancia de que trata o art. 40 da Constitui\u00e7\u00e3o Federal; autoriza a ades\u00e3o ao plano de benef\u00edcios de previd\u00eancia complementar e d\u00e1 outras provid\u00eancias.</p>\r\n<p align=\"left\">Al\u00e9m disso, ocuparam o grande expediente os vereadores Kleber Luis Civardi e Lizane Graciolli Pandolfi, que realizaram suas homenagens \u00e0s crian\u00e7as, Nossa Senhora Aparecida e pelo dia dos Professores, datas comemoradas no m\u00eas de outubro</p>", "author_name": "", "version": "1.0", "author_url": "https://www.rondaalta.rs.leg.br/author/morgana", "provider_name": "C\u00e2mara Municipal Ronda Alta - RS", "type": "rich"}