{"provider_url": "https://www.rondaalta.rs.leg.br", "title": "Realizada 2\u00aa Sess\u00e3o Ordin\u00e1ria de 2023", "html": "<p align=\"justify\">\u00a0Nessa ter\u00e7a-feira, dia 07/02/, foi realizada a segunda sess\u00e3o plen\u00e1ria ordin\u00e1ria de 2023.</p>\r\n<p align=\"justify\"><span>Na oportunidade foi apreciada a </span><span>ata n\u00ba 01 da Sess\u00e3o Plen\u00e1ria Ordin\u00e1ria do dia 01 de fevereiro de 2023, </span><span>essa que foi aprovada por unanimidade. </span></p>\r\n<p align=\"justify\"><span>Tamb\u00e9m foram escolhidos os vereadores que utilizar\u00e3o o espa\u00e7o do informativo desse s\u00e1bado, sendo eles Jul\u00e7iano Perego pela bancada de oposi\u00e7\u00e3o e Vitor Cavazini pela situa\u00e7\u00e3o. </span></p>\r\n<p align=\"justify\">\u00a0No expediente tivemos a leitura das seguintes mat\u00e9rias:</p>\r\n<p><span>- Of\u00edcio n\u00ba 005/2023 expedido pela Associa\u00e7\u00e3o Hospitalar de Ronda Alta, notificando a C\u00e2mara de Vereadores de que ser\u00e1 iniciada obra de amplia\u00e7\u00e3o do hospital para implanta\u00e7\u00e3o dos novos leitos cl\u00ednicos, uma vez que foi contemplada no PROGRAMA AVAN\u00c7A SA\u00daDE.</span></p>\r\n<p>Ainda, foram escolhidos</p>\r\n<p><span>V</span><span>ice - L\u00edder de Governo \u2013 </span><span>Edivan Lunardi</span></p>\r\n<p><span>Vice - L\u00edder de Bancada \u2013 situa\u00e7\u00e3o - </span><span>Lizane Pandolfi</span></p>\r\n<p><span>Vice - L\u00edder de Bancada \u2013 oposi\u00e7\u00e3o \u2013 </span><span>Juliano Rubes Perego</span></p>\r\n<p>\u00a0O presidente da Casa, durante o pequeno Expediente, agradeceu a todos que auxiliaram na realiza\u00e7\u00e3o da Festa de Navegante.</p>\r\n<p>\u00a0Na ordem do dia, momento em que s\u00e3o votados os projetos, foi aprovado por unanimidade o Projeto de Lei Ordin\u00e1ria n\u00ba 001/2023: \"Autoriza o Poder Executivo a celebrar conv\u00eanio com a Funda\u00e7\u00e3o Hospitalar Oftalmol\u00f3gica Universit\u00e1ria Lions - Hospital de Olhos Dy\u00f3genes Auildo Martins Pinto, e d\u00e1 outras provid\u00eancias.</p>\r\n<p>\u00a0Ap\u00f3s, os vereadores fizeram uso do grande expediente, na seguinte ordem:</p>\r\n<p>\u00a0Juliano R. Perego</p>\r\n<p><span>Vitor R. Cavazini</span></p>\r\n<p><span>Silvanio R. Lucca</span></p>\r\n<p><span>Lizane G. Pandolfi</span></p>\r\n<p><span><i>(as manifesta\u00e7\u00f5es se encontram gravadas e podem ser acessadas no seguinte link: <a href=\"https://www.facebook.com/376605799213221/videos/1570019990178404\">https://www.facebook.com/376605799213221/videos/1570019990178404</a>)</i></span></p>\r\n<p>\u00a0Assim encerrou-se a 2\u00ba sess\u00e3o ordin\u00e1ria de 2023, ficando os vereadores convocados a participar da pr\u00f3xima sess\u00e3o que se realizar\u00e1 no dia 14/02, as 19h, no Plen\u00e1rio L\u00f3ris Ant\u00f4nio Perego, e pode ser acompanhada ao vivo pela nossa p\u00e1gina no facebook.</p>\r\n<p>\u00a0</p>\r\n<p>\u00a0</p>\r\n<p>\u00a0</p>", "author_name": "", "version": "1.0", "author_url": "https://www.rondaalta.rs.leg.br/author/morgana", "provider_name": "C\u00e2mara Municipal Ronda Alta - RS", "type": "rich"}