{"provider_url": "https://www.rondaalta.rs.leg.br", "title": "Realizada 26\u00aa Sess\u00e3o Plen\u00e1ria Ordin\u00e1ria ", "html": "<p align=\"justify\" class=\"western\"><a name=\"__DdeLink__40_2307850606\"></a><span><span><span>Aos vinte e dois dias do m\u00eas de setembro do ano de dois mil e vinte (22.09.2020), com in\u00edcio \u00e0s dezoito horas (18:00), na sala de trabalhos, no edif\u00edcio da Prefeitura Municipal de Ronda Alta, Estado do Rio Grande do Sul, a</span></span><span><span> C\u00e2mara Municipal</span></span><span><span> </span></span><span><span>realizou</span></span><span><span> a 26\u00aa (vig\u00e9sima sexta) sess\u00e3o plen\u00e1ria ordin\u00e1ria do ano de 2020, da 4\u00aa (quarta) Sess\u00e3o Legislativa, da 13\u00aa (d\u00e9cima terceira) Legislatura, presidida pelo presidente, vereador Ant\u00e3o Lindomar Pavoski, secretariada pelo 1\u00ba secret\u00e1rio, vereador Luiz Antonio Gadini e da qual tamb\u00e9m participaram os vereadores: Carlos Roberto Gavioli, Jos\u00e9 Fontana, Maria Loreci Caus, Moacir Orbak, Sidnei Nayssinho, Silvanio Roque Lucca e Vitor Roque Cavazini. </span></span></span></p>\r\n<p align=\"justify\" class=\"western\"><span><span>De in\u00edcio, constatada a exist\u00eancia de n\u00famero regimental de vereadores no plen\u00e1rio, o presidente invocou a prote\u00e7\u00e3o de Deus e declarou aberta a sess\u00e3o plen\u00e1ria ordin\u00e1ria. Colocou em aprecia\u00e7\u00e3o a ata n\u00ba. 025/2020, referente \u00e0 sess\u00e3o plen\u00e1ria ordin\u00e1ria realizada no dia 15 de setembro, que, ap\u00f3s lida e oportunizada sua discuss\u00e3o, foi aprovada por unanimidade e sem ressalvas.</span></span></p>\r\n<p align=\"justify\" class=\"western\"><span>No expediente constou a leitura do Of\u00edcio do Gabinete n\u00ba. 100, datado de 16 de setembro de 2020, reportando-se ao Pedido de Informa\u00e7\u00e3o n\u00ba. 001/2020. </span></p>\r\n<p align=\"justify\" class=\"western\"><span></span><span>N\u00e3o houve a realiza\u00e7\u00e3o do grande expediente e os\u00a0</span><span>Programas Informativos, na R\u00e1dio Comunit\u00e1ria Navegantes, aos s\u00e1bados, das 11:15 \u00e0s 11:35 horas, suspensos em raz\u00e3o do per\u00edodo eleitoral.</span><span> </span></p>\r\n<p align=\"justify\" class=\"western\"><span></span><span>Na ordem do dia foram a</span><span>preciados e aprovados por unanimidade os Projetos de Leis do Legislativo de n\u00fameros </span><span>002, de 17 de agosto de 2020, que \u201cFixa o subs\u00eddio do Prefeito e do Vice-Prefeito de Ronda Alta - RS para a Legislatura de 2021/2024\u201d; 003, de 17 de agosto de 2020, que \u201cFixa o subs\u00eddio dos Secret\u00e1rios Municipais de Ronda Alta - RS para o per\u00edodo de 1\u00ba de janeiro de 2021 a 31 de dezembro de 2024\u201d e 004, de 17 de agosto de 2020, que \u201cFixa o subs\u00eddio dos Vereadores da C\u00e2mara Municipal de Ronda Alta - RS para Legislatura de 2021/2024\u201d.</span></p>\r\n<p align=\"justify\" class=\"western\"><span></span><span>Nada mais havendo a tratar, o presidente agradeceu \u00e0 presen\u00e7a e a colabora\u00e7\u00e3o dos seus pares e os convocou para a pr\u00f3xima sess\u00e3o plen\u00e1ria ordin\u00e1ria, a ser realizada no dia 29 de setembro, no seu local de costume e \u00e0s 18:00 horas.\u00a0</span></p>", "author_name": "", "version": "1.0", "author_url": "https://www.rondaalta.rs.leg.br/author/morgana", "provider_name": "C\u00e2mara Municipal Ronda Alta - RS", "type": "rich"}