{"provider_url": "https://www.rondaalta.rs.leg.br", "title": "Realizada 25\u00aa Sess\u00e3o Plen\u00e1ria Ordin\u00e1ria ", "html": "<p align=\"justify\"><span><span>N</span></span><span><span>a</span></span><span><span> noite de ontem, dia </span></span><span><span>15.09.2020, com in\u00edcio \u00e0s dezoito horas (18:00), na sala de trabalhos, no edif\u00edcio da Prefeitura Municipal de Ronda Alta, Estado do Rio Grande do Sul, a</span></span><span><span> C\u00e2mara Municipal</span></span><span><span> </span></span><span><span>realizou</span></span><span><span> a 25\u00aa (vig\u00e9sima quinta) sess\u00e3o plen\u00e1ria ordin\u00e1ria do ano de 2020, da 4\u00aa (quarta) Sess\u00e3o Legislativa, da 13\u00aa (d\u00e9cima terceira) Legislatura, presidida pelo presidente, vereador Ant\u00e3o Lindomar Pavoski, secretariada pelo 1\u00ba secret\u00e1rio, vereador Luiz Antonio Gadini e da qual tamb\u00e9m participaram os vereadores: Carlos Roberto Gavioli, Jos\u00e9 Fontana, Maria Loreci Caus, Moacir Orbak, Sidnei Nayssinho, Silvanio Roque Lucca e Vitor Roque Cavazini. </span></span></p>\r\n<p align=\"justify\">\u00a0<span>Constatada a exist\u00eancia de n\u00famero regimental de vereadores no plen\u00e1rio, o presidente invocou a prote\u00e7\u00e3o de Deus e declarou aberta a sess\u00e3o plen\u00e1ria ordin\u00e1ria. Colocou em aprecia\u00e7\u00e3o a ata n\u00ba. 024/2020, referente \u00e0 sess\u00e3o plen\u00e1ria ordin\u00e1ria realizada no dia 08 de setembro, que, ap\u00f3s lida e oportunizada sua discuss\u00e3o, foi aprovada por unanimidade e sem ressalvas. </span><span>No expediente n\u00e3o constaram</span><span><b> </b></span><span>mat\u00e9rias para leitura.</span></p>\r\n<p align=\"justify\"><span><span><span>N\u00e3o houve </span></span></span><span><span><span>a realiza\u00e7\u00e3o do grande expediente</span></span></span><span><span><span>. </span></span></span></p>\r\n<p align=\"justify\"><span><span><span>Os </span></span></span><span><span><span>Programas Informativos, na R\u00e1dio Comunit\u00e1ria Navegantes, aos s\u00e1bados, das 11:15 \u00e0s 11:35 horas, suspensos em raz\u00e3o do per\u00edodo eleitoral.</span></span></span><span><span><span> </span></span></span><span><span><span>Na ordem do dia foram a</span></span></span><span><span><span>preciados e aprovados por unanimidade os Projetos de Leis do Executivo de n\u00fameros </span></span></span><span><span><span>033, de 24 de agosto de 2020, que \u201cAltera o artigo 1\u00ba da Lei Municipal n\u00ba. 2.017, de 22 de julho de 2020, que disp\u00f5e sobre a cobran\u00e7a de contribui\u00e7\u00e3o de melhoria na execu\u00e7\u00e3o de obras p\u00fablicas que enumera e d\u00e1 outras provid\u00eancias\u201d e</span></span></span><span><span><span> </span></span></span><span><span><span>035, de 08 de setembro de 2020, que \u201cAbre cr\u00e9dito especial e aponta recursos no or\u00e7amento municipal\u201d.</span></span></span><span><span><span> De igual forma, o Pedido de Informa\u00e7\u00e3o de n\u00ba. </span></span></span><span><span><span>001, de 04 de setembro de 2020, de autoria do vereador Jos\u00e9 Fontana. </span></span></span></p>\r\n<p align=\"justify\"><span><span><span>Por fim, n</span></span></span><span><span>ada mais havendo a tratar, o presidente agradeceu \u00e0 presen\u00e7a e a colabora\u00e7\u00e3o dos seus pares e os convocou para a pr\u00f3xima sess\u00e3o plen\u00e1ria ordin\u00e1ria, a ser realizada no dia 22 de setembro, no seu local de costume e \u00e0s 18:00 horas. Tamb\u00e9m lembrou-os da </span></span><span><span><span>audi\u00eancia p\u00fablica, a realizar-se no dia 16 de setembro, \u00e0s 10:00 horas, no Plen\u00e1rio da C\u00e2mara Municipal, com vista a apresenta\u00e7\u00e3o do Relat\u00f3rio Resumido de Execu\u00e7\u00e3o Or\u00e7ament\u00e1ria - RREO, referente ao 4\u00ba bimestre de 2020, cumprimento de Metas Fiscais, referente ao 2\u00ba quadrimestre de 2020, maio a agosto de 2020, bem como, an\u00e1lise do Projeto de Lei n\u00ba. 034/2020, que disp\u00f5e sobre as diretrizes or\u00e7ament\u00e1rias - LDO, para o exerc\u00edcio financeiro de 2021.</span></span></span><span><span> Encerrou os trabalhos e solicitou que o resumo do seu andamento constasse em ata, que aprovada, </span></span><span><span>foi assinada.</span></span></p>", "author_name": "", "version": "1.0", "author_url": "https://www.rondaalta.rs.leg.br/author/morgana", "provider_name": "C\u00e2mara Municipal Ronda Alta - RS", "type": "rich"}