{"provider_url": "https://www.rondaalta.rs.leg.br", "title": "Comiss\u00f5es Permanentes 2014", "html": "<h1 align=\"center\">\u00a0</h1>\r\n<h1 align=\"center\">COMISS\u00d5ES\u00a0 PERMANENTES\u00a0\u00a0 DA\u00a0 C\u00c2MARA\u00a0 MUNICIPAL \u00a0 ANO DE\u00a0 2014</h1>\r\n<p><b><span>\u00a0</span></b></p>\r\n<p><b><span>\u00a0</span></b></p>\r\n<p><b><span>COMISS\u00c3O DE CONSTITUI\u00c7\u00c3O E JUSTI\u00c7A:</span></b></p>\r\n<p><b><br />PRESIDENTE:\u00a0\u00a0\u00a0\u00a0\u00a0\u00a0\u00a0 Ver.\u00a0 Sidnei Nayssinho\u00a0\u00a0\u00a0 \u00a0\u00a0\u00a0\u00a0\u00a0\u00a0\u00a0\u00a0\u00a0\u00a0 -\u00a0\u00a0\u00a0\u00a0\u00a0\u00a0\u00a0\u00a0\u00a0\u00a0 PT</b></p>\r\n<p><b>RELATOR:\u00a0\u00a0 \u00a0\u00a0\u00a0\u00a0\u00a0\u00a0\u00a0\u00a0\u00a0\u00a0\u00a0 Ver. \u00a0Eliomar Jos\u00e9 Rigo \u00a0 \u00a0 \u00a0 \u00a0 \u00a0 \u00a0 - \u00a0 \u00a0 \u00a0 \u00a0 \u00a0PT\u00a0\u00a0\u00a0\u00a0\u00a0 </b></p>\r\n<p><b>REVISOR:\u00a0\u00a0\u00a0\u00a0\u00a0\u00a0\u00a0\u00a0\u00a0\u00a0\u00a0\u00a0\u00a0\u00a0\u00a0 Ver.\u00a0 Carlos Roberto Gavioli\u00a0\u00a0\u00a0\u00a0\u00a0 - \u00a0 \u00a0 \u00a0 \u00a0 \u00a0PP\u00a0\u00a0\u00a0\u00a0\u00a0\u00a0\u00a0\u00a0\u00a0\u00a0\u00a0\u00a0\u00a0\u00a0\u00a0\u00a0\u00a0 </b></p>\r\n<p><b>\u00a0</b></p>\r\n<p><b><span>COMISS\u00c3O DE FINAN\u00c7AS E OR\u00c7AMENTO:</span></b></p>\r\n<p><b>PRESIDENTE:\u00a0\u00a0\u00a0\u00a0\u00a0\u00a0\u00a0 Ver.\u00a0 Luiz Ant\u00f4nio Gadini\u00a0\u00a0\u00a0\u00a0\u00a0\u00a0\u00a0\u00a0\u00a0\u00a0\u00a0 -\u00a0\u00a0\u00a0\u00a0\u00a0\u00a0\u00a0\u00a0\u00a0\u00a0 PT</b></p>\r\n<p><b>RELATOR:\u00a0\u00a0 \u00a0\u00a0\u00a0\u00a0\u00a0\u00a0\u00a0\u00a0\u00a0\u00a0\u00a0 Ver.\u00a0 Ant\u00f4nio Mig Claudino\u00a0\u00a0\u00a0\u00a0\u00a0\u00a0\u00a0 -\u00a0\u00a0\u00a0\u00a0\u00a0\u00a0\u00a0\u00a0\u00a0\u00a0 PT</b><b></b></p>\r\n<p><b>REVISOR:\u00a0\u00a0\u00a0\u00a0\u00a0\u00a0\u00a0\u00a0\u00a0\u00a0\u00a0\u00a0\u00a0\u00a0\u00a0 Ver.\u00a0 Vitor Roque Cavazini\u00a0\u00a0\u00a0\u00a0\u00a0\u00a0\u00a0\u00a0 -\u00a0\u00a0\u00a0\u00a0\u00a0\u00a0\u00a0\u00a0\u00a0\u00a0 PMDB</b></p>\r\n<p><b>\u00a0</b></p>\r\n<p><b><span>COMISS\u00c3O DE OBRAS E SERVI\u00c7OS P\u00daBLICOS:</span></b></p>\r\n<p><b>PRESIDENTE:\u00a0\u00a0\u00a0\u00a0\u00a0\u00a0\u00a0 Ver.\u00a0 Moacir Orbak\u00a0\u00a0\u00a0\u00a0\u00a0\u00a0\u00a0\u00a0\u00a0\u00a0\u00a0\u00a0\u00a0\u00a0\u00a0\u00a0\u00a0\u00a0\u00a0\u00a0\u00a0\u00a0\u00a0 -\u00a0\u00a0\u00a0\u00a0\u00a0\u00a0\u00a0\u00a0\u00a0\u00a0 PDT</b></p>\r\n<p><b>RELATOR:\u00a0\u00a0 \u00a0\u00a0\u00a0\u00a0\u00a0\u00a0\u00a0\u00a0\u00a0\u00a0\u00a0 Ver. \u00a0Eny Fiorentin \u00a0 \u00a0 \u00a0 \u00a0 \u00a0 \u00a0 \u00a0 \u00a0 \u00a0 \u00a0 \u00a0 -\u00a0\u00a0\u00a0\u00a0\u00a0\u00a0\u00a0\u00a0\u00a0\u00a0 PP</b></p>\r\n<p><b>REVISOR:\u00a0\u00a0\u00a0\u00a0\u00a0\u00a0\u00a0\u00a0\u00a0\u00a0\u00a0\u00a0\u00a0\u00a0\u00a0 Ver.\u00a0 Sidnei Nayssinho\u00a0\u00a0\u00a0 \u00a0\u00a0\u00a0\u00a0\u00a0\u00a0\u00a0\u00a0\u00a0\u00a0\u00a0 -\u00a0\u00a0\u00a0\u00a0\u00a0\u00a0\u00a0\u00a0\u00a0\u00a0 PT</b></p>\r\n<p><b>\u00a0</b></p>\r\n<p><b><span>COMISS\u00c3O\u00a0 DE\u00a0 EDUCA\u00c7\u00c3O,\u00a0 A\u00c7\u00c3O\u00a0 SOCIAL\u00a0 E\u00a0 MEIO\u00a0\u00a0\u00a0\u00a0\u00a0 AMBIENTE:</span></b></p>\r\n<p><b>PRESIDENTE:\u00a0\u00a0\u00a0\u00a0\u00a0\u00a0\u00a0 Ver. Luiz Antonio Gadini\u00a0\u00a0\u00a0\u00a0\u00a0\u00a0\u00a0\u00a0\u00a0\u00a0\u00a0\u00a0 -\u00a0\u00a0\u00a0\u00a0\u00a0\u00a0\u00a0\u00a0\u00a0\u00a0 PT</b></p>\r\n<p><b>RELATOR:\u00a0\u00a0 \u00a0\u00a0\u00a0\u00a0\u00a0\u00a0\u00a0\u00a0\u00a0\u00a0\u00a0 Ver. Vitor Roque Cavazini\u00a0\u00a0\u00a0\u00a0\u00a0\u00a0\u00a0\u00a0\u00a0 -\u00a0\u00a0\u00a0\u00a0\u00a0\u00a0\u00a0\u00a0\u00a0\u00a0 PMDB</b></p>\r\n<p><b>REVISOR:\u00a0\u00a0\u00a0\u00a0\u00a0\u00a0\u00a0\u00a0\u00a0\u00a0\u00a0\u00a0\u00a0\u00a0\u00a0 Ver. Eliomar Jose Rigo \u00a0 \u00a0 \u00a0 \u00a0 \u00a0 \u00a0 \u00a0 - \u00a0 \u00a0 \u00a0 \u00a0 \u00a0 PT</b></p>\r\n<p><b><br /></b></p>\r\n<p><b>\u00a0</b></p>\r\n<p><b></b><b>L\u00edder de Governo:\u00a0 \u00a0\u00a0\u00a0\u00a0\u00a0\u00a0\u00a0\u00a0\u00a0\u00a0\u00a0\u00a0\u00a0\u00a0\u00a0\u00a0\u00a0\u00a0\u00a0\u00a0\u00a0\u00a0 Ver.\u00a0 Sidnei Nayssinho</b></p>\r\n<p><b>\u00a0</b><b>Vice L\u00edder de Governo: \u00a0\u00a0\u00a0\u00a0\u00a0\u00a0\u00a0\u00a0\u00a0\u00a0\u00a0\u00a0\u00a0 Ver.\u00a0 Luiz Ant\u00f4nio Gadini</b></p>\r\n<p><b>\u00a0</b><b>L\u00edder da Bancada Governista: \u00a0 \u00a0Ver.\u00a0 Eliomar Jos\u00e9 Rigo</b></p>\r\n<p><b>\u00a0</b><b>Vice L\u00edder da Bancada Governista:\u00a0\u00a0\u00a0\u00a0 Ver. Antonio Mig Claudino</b></p>\r\n<p><b>\u00a0</b><b>L\u00edder da Bancada Oposicionista:\u00a0\u00a0\u00a0\u00a0\u00a0\u00a0\u00a0\u00a0 Ver Eny Fiorentin</b></p>\r\n<p><b>\u00a0</b><b>Vice L\u00edder da Bancada Oposicionista: Ver. Moacir Orbak</b></p>", "author_name": "", "version": "1.0", "author_url": "https://www.rondaalta.rs.leg.br/author/djmanfrin", "provider_name": "C\u00e2mara Municipal Ronda Alta - RS", "type": "rich"}