{"provider_url": "https://www.rondaalta.rs.leg.br", "title": "Movimenta\u00e7\u00e3o dos vereadores gera melhorias \u00e0 popula\u00e7\u00e3o", "html": "<p><span>Ap\u00f3s a aprova\u00e7\u00e3o por unanimidade da indica\u00e7\u00e3o de n\u00ba 005 de 2021, realizada pela bancada de oposi\u00e7\u00e3o sugerindo ao Executivo que a vacina\u00e7\u00e3o contra a Covid-19 fosse estendida aos finais de semana, a Secretaria Municipal de Sa\u00fade divulgou nessa quinta-feira, dia 09, que ser\u00e3o vacinados os idosos com 63 aos ou mais durante o s\u00e1bado, dia 10, das 08h at\u00e9 as 14h.</span></p>\r\n<p>Os edis aprovaram a indica\u00e7\u00e3o no dia 30/03 e destacaram a import\u00e2ncia em acelerar o processo de imuniza\u00e7\u00e3o para garantir o retorno a normalidade de forma mais breve poss\u00edvel.</p>\r\n<p>Ainda, Lucca, presidente da Casa, destacou que as indica\u00e7\u00f5es realizadas t\u00eam justamente o objetivo de auxiliar na melhoria do servi\u00e7o p\u00fablico prestado aos cidad\u00e3os de Ronda Alta, e destacou que o fato de o Executivo aceitar as sugest\u00f5es e estabelecer diretrizes harm\u00f4nicas entre os poderes \u00e9 a melhor forma de atender aos anseios da popula\u00e7\u00e3o.</p>\r\n<p>\u00a0</p>\r\n<p>Confira abaixo o texto da mo\u00e7\u00e3o:</p>\r\n<p>\u00a0</p>\r\n<p align=\"justify\" class=\"western\"><span><span><b>INDICA\u00c7\u00c3O N\u00ba 005/21</b></span></span></p>\r\n<p align=\"justify\" class=\"western\">\u00a0</p>\r\n<p><span><b><span>Indica ao Chefe do Poder Executivo que, </span><span>envie a esta Casa Justificativa, para n\u00e3o vacinar as pessoas de grupo de risco, idosos, na sexta feia a tarde, ou final de semana, quando houver vacinas dispon\u00edveis.</span></b></span></p>\r\n<p align=\"justify\" class=\"western\"><span>Os vereadores da Bancada de Oposi\u00e7\u00e3o, indicam, ao Poder Executivo Municipal, que apresente justificativa para n\u00e3o vacina\u00e7\u00e3o de pessoas de grupo de risco da pandemia do COVID-19, principalmente idosos, nas sextas-feiras a tarde, quando h\u00e1 vacinas dispon\u00edveis.</span></p>\r\n<p align=\"justify\" class=\"western\">\u00a0</p>\r\n<p align=\"justify\" class=\"western\"><b>Justificativa</b></p>\r\n<p align=\"justify\" class=\"western\"><span>\u00a0</span><span>A presente indica\u00e7\u00e3o tem por objetivo esclarecer situa\u00e7\u00f5es apresentadas por moradores do munic\u00edpio que comunicaram aos vereadores que muitas vezes chegam vacinas na sexta feira e a mesmas somente s\u00e3o aplicadas na segunda feira. Entendem que se as vacinas de fato est\u00e3o dispon\u00edveis na sexta feira, seria de bom alvitre que fossem aplicadas no mesmo dia. Do contr\u00e1rio. Seriam aplicadas apenas 24 horas ap\u00f3s. Considerando que estamos numa guerra contra o v\u00edrus, cada minuto que passa, pode ser decisivo para salvar vidas.</span></p>\r\n<p><span>Diante do exposto contamos com a manifesta\u00e7\u00e3o do Poder Executivo. Acreditando que com isso, estamos contribuindo na elucida\u00e7\u00e3o dos fatos alegados.</span></p>\r\n<p align=\"left\" class=\"western\">\u00a0</p>\r\n<p align=\"left\" class=\"western\"><span>Ronda Alta, 22 de mar\u00e7o de 2021.</span></p>\r\n<p align=\"justify\" class=\"western\"><span>Bancada de Oposi\u00e7\u00e3o:</span></p>\r\n<p align=\"justify\" class=\"western\"><span><span>Silvanio Roque Lucca (PT)</span></span></p>\r\n<p align=\"justify\" class=\"western\"><span><span>Juliano Rubens Perego (PSB)</span></span></p>\r\n<p align=\"justify\" class=\"western\"><span><span>Sidnei Nayssinho (PT)</span></span></p>\r\n<p align=\"justify\" class=\"western\"><span><span>Carmem Teresinha Pratres dos Santos (PT)</span></span></p>\r\n<p align=\"justify\" class=\"western\"><span><span>Kleber Civardi (PT)</span></span></p>", "author_name": "", "version": "1.0", "author_url": "https://www.rondaalta.rs.leg.br/author/morgana", "provider_name": "C\u00e2mara Municipal Ronda Alta - RS", "type": "rich"}