{"provider_url": "https://www.rondaalta.rs.leg.br", "title": "Monumento em homenagem \u00e0s v\u00edtimas da Covid-19 foi inaugurado   ", "html": "<p>A Covid 19 deixou grandes perdas para todo o mundo. N\u00e3o foi diferente no munic\u00edpio de Ronda Alta, foram 26 v\u00edtimas levadas pela doen\u00e7a.</p>\r\n<p>Familiares, amigos e toda a comunidade sentiram essas perdas, por essa raz\u00e3o o executivo municipal, por meio da secretaria da cultura, e com o apoio do legislativo, por meio da indica\u00e7\u00e3o 008/2021, de autoria do vereador Juliano Perego, buscaram a viabiliza\u00e7\u00e3o de um monumento para homenagear as v\u00edtimas da covid-19 junto a pra\u00e7a Pedro Marcellos.</p>\r\n<p>Na oportunidade do descerramento da placa inaugural e do QR CODE que d\u00e1 acesso ao site com um memorial virtual, se pronunciaram o Prefeito Marcos Beux, o secret\u00e1rio de cultura Roque de Couto e o Presidente do Legislativo.</p>\r\n<p>O vereador Juliano Perego destacou que a lembran\u00e7a se faz necess\u00e1ria para que no futuro a lembran\u00e7a de tudo que aconteceu e dessas importantes pessoas que integraram, e ainda integram, nossa comunidade.</p>\r\n<p>A Orquestra Municipal brindou a todos com bel\u00edssimas can\u00e7\u00f5es durante a celebra\u00e7\u00e3o, e os l\u00edderes religiosos da comunidade deixaram seus recados aos familiares e amigos das v\u00edtimas.</p>\r\n<p>Tamb\u00e9m prestigiaram o ato vereadores, membros da comunidade em geral, as soberanas do munic\u00edpio, vereadores mirins e a imprensa local.</p>\r\n<p>Deixamos aqui o link para o memorial virtual, no qual voc\u00ea pode conhecer um pouco mais sobre as pessoas homenageadas.</p>\r\n<p><a href=\"https://www2.etterno.com.br/perfil/?qrc=002336\">https://www2.etterno.com.br/perfil/?qrc=002336</a></p>", "author_name": "", "version": "1.0", "author_url": "https://www.rondaalta.rs.leg.br/author/morgana", "provider_name": "C\u00e2mara Municipal Ronda Alta - RS", "type": "rich"}