{"provider_url": "https://www.rondaalta.rs.leg.br", "title": "Vem a\u00ed a 2\u00aa Edi\u00e7\u00e3o do Vereador Mirim", "html": "<p style=\"text-align: justify; \">\u00a0 \u00a0 Na manh\u00e3 de ter\u00e7a-feira, 30 de maio, a comiss\u00e3o organizadora da 2\u00aa Edi\u00e7\u00e3o do projeto Vereador Mirim, formada pelos vereadores Vitor Roque Cavazini, Eliomar Jos\u00e9 Rigo (Chico Rigo), Luiz Ant\u00f4nio Gadini (Tonho) e Carlos Roberto Gavioli (Carlinhos), reuniu-se com professores e alunos da Escola Municipal de Ensino Fundamental Mem de S\u00e1, oportunidade em que iniciaram as tratativas referentes a escolha dos vereadores mirins e seus suplentes.<br /><span>\u00a0 \u00a0Estes encontros ser\u00e3o realizados com todas as escolas das redes Municipal e Estadual de Ensino que atendem alunos do 8\u00ba e 9\u00ba anos. A pr\u00f3xima reuni\u00e3o ser\u00e1 ter\u00e7a-feira, dia 6 de junho.</span></p>\r\n<p>\u00a0</p>", "author_name": "silvia", "version": "1.0", "author_url": "https://www.rondaalta.rs.leg.br/author/silvia", "provider_name": "C\u00e2mara Municipal Ronda Alta - RS", "type": "rich"}