{"provider_url": "https://www.rondaalta.rs.leg.br", "title": "Acompanhe as Sess\u00f5es Plen\u00e1rias Ordin\u00e1rias as ter\u00e7as-ferias, a partir das 19:00 horas, com exce\u00e7\u00e3o da primeira ter\u00e7a-feira de cada m\u00eas.", "html": "<p><span>Acompanhe as Sess\u00f5es Plen\u00e1rias Ordin\u00e1rias as ter\u00e7as-ferias, a partir das 19:00 horas, com exce\u00e7\u00e3o da primeira ter\u00e7a-feira de cada m\u00eas.</span></p>", "author_name": "Programa Interlegis", "version": "1.0", "author_url": "https://www.rondaalta.rs.leg.br/author/Programa Interlegis", "provider_name": "C\u00e2mara Municipal Ronda Alta - RS", "type": "rich"}