{"provider_url": "https://www.rondaalta.rs.leg.br", "title": "Recesso Parlamentar", "html": "<p>No per\u00edodo de 01/01/18 a 31/01/18 a C\u00e2mara Municipal estar\u00e1 em recesso. A sess\u00e3o plen\u00e1ria ordin\u00e1ria de abertura dos trabalhos legislativos do ano de 2018 acontecer\u00e1 no dia 01 de fevereiro, \u00e0s 19:00 horas. Prestigie.\u00a0</p>", "author_name": "", "version": "1.0", "author_url": "https://www.rondaalta.rs.leg.br/author/djmanfrin", "provider_name": "C\u00e2mara Municipal Ronda Alta - RS", "type": "rich"}