{"provider_url": "https://www.rondaalta.rs.leg.br", "title": "EDITAL DE CONVOCA\u00c7\u00c3O ", "html": "<p style=\"text-align: center; \"><b><span><br /></span></b></p>\r\n<p style=\"text-align: center; \"><b><span>EDITAL DE CONVOCA\u00c7\u00c3O</span></b></p>\r\n<p>\u00a0</p>\r\n<p>\u00a0\u00a0\u00a0\u00a0\u00a0\u00a0\u00a0\u00a0\u00a0\u00a0\u00a0\u00a0\u00a0\u00a0\u00a0\u00a0\u00a0\u00a0\u00a0 O Poder Executivo em conjunto com o Poder Legislativo do Munic\u00edpio de Ronda Alta - Estado do Rio Grande do Sul, com fundamento na Lei Complementar n\u00ba 101/2000, <b><span>TORNA P\u00daBLICO</span></b> para conhecimento dos interessados que estar\u00e1 realizando no dia <b>26/01/2017</b> \u00e0s <b>10:00</b> horas, no <b>Plen\u00e1rio da C\u00e2mara Municipal,</b> Audi\u00eancia P\u00fablica com vista a apresenta\u00e7\u00e3o da <span>RREO</span> e cumprimento das <span>Metas Fiscais</span>, referente o 3\u00ba quadrimestre, Setembro a Dezembro de 2016, a realizar-se no dia 26 de Janeiro de 2017, \u00e0s 10:00 horas, no Plen\u00e1rio da C\u00e2mara Municipal de Vereadores de Ronda Alta \u2013 RS.</p>\r\n<p>\u00a0</p>\r\n<p>\u00a0</p>\r\n<p>\u00a0\u00a0\u00a0\u00a0\u00a0\u00a0\u00a0\u00a0\u00a0\u00a0\u00a0\u00a0\u00a0\u00a0\u00a0\u00a0\u00a0\u00a0\u00a0\u00a0\u00a0\u00a0\u00a0\u00a0\u00a0\u00a0\u00a0 <b>GABINETE DO PREFEITO MUNICIPAL DE RONDA ALTA-RS, EM 12 DE JANEIRO DE 2017.</b></p>\r\n<p>\u00a0</p>\r\n<p>\u00a0</p>\r\n<p align=\"center\"><b>MIGUEL ANGELO GASPARETTO</b></p>\r\n<p align=\"center\"><b>Prefeito Municipal.</b></p>\r\n<p align=\"center\"><b>\u00a0</b></p>\r\n<p align=\"center\"><b>VITOR ROQUE CAVAZINI</b></p>\r\n<p align=\"center\"><b>Presidente da C\u00e2mara de Vereadores</b></p>", "author_name": "silvia", "version": "1.0", "author_url": "https://www.rondaalta.rs.leg.br/author/silvia", "provider_name": "C\u00e2mara Municipal Ronda Alta - RS", "type": "rich"}