{"provider_url": "https://www.rondaalta.rs.leg.br", "title": " Edital de  de Convoca\u00e7\u00e3o para apresenta\u00e7\u00e3o do Relat\u00f3rio Resumido de Execu\u00e7\u00e3o Or\u00e7ament\u00e1ria - RREO e cumprimento das Metas Fiscais, referente o 1\u00ba quadrimestre, janeiro a abril de 2016", "html": "<p style=\"text-align: justify; \"><span>\u00a0 \u00a0 \u00a0 \u00a0 \u00a0 \u00a0 \u00a0 \u00a0 \u00a0 \u00a0 O Poder Executivo em conjunto com o Poder Legislativo do Munic\u00edpio de Ronda Alta - Estado do Rio Grande do Sul, com fundamento na Lei Complementar n\u00ba 101/2000, </span><b>TORNA P\u00daBLICO</b><span> para conhecimento dos interessados que estar\u00e1 realizando no dia </span><b>19/05/2016</b><span>, \u00e0s </span><b>10:00</b><span> horas, no </span><b>Plen\u00e1rio da C\u00e2mara Municipal,</b><span> Audi\u00eancia P\u00fablica com vista a apresenta\u00e7\u00e3o do Relat\u00f3rio Resumido de Execu\u00e7\u00e3o Or\u00e7ament\u00e1ria -\u00a0</span><span>RREO</span><span> e cumprimento das </span><span>Metas Fiscais</span><span>, referente o 1\u00ba quadrimestre, janeiro a abril de 2016.</span></p>\r\n<p style=\"text-align: justify; \">\u00a0</p>\r\n<p style=\"text-align: justify; \">\u00a0</p>\r\n<p style=\"text-align: justify; \">\u00a0\u00a0\u00a0\u00a0\u00a0\u00a0\u00a0\u00a0\u00a0\u00a0\u00a0\u00a0\u00a0\u00a0\u00a0\u00a0\u00a0\u00a0\u00a0\u00a0\u00a0\u00a0\u00a0\u00a0\u00a0\u00a0\u00a0 <b>GABINETE DO PREFEITO MUNICIPAL DE RONDA ALTA-RS, EM 05 DE MAIO DE 2016.</b></p>\r\n<p style=\"text-align: justify; \">\u00a0</p>\r\n<p style=\"text-align: justify; \">\u00a0</p>\r\n<p align=\"center\" style=\"text-align: justify; \"><b>MIGUEL ANGELO GASPARETTO</b></p>\r\n<p align=\"center\" style=\"text-align: justify; \"><b>Prefeito Municipal.</b></p>\r\n<p align=\"center\" style=\"text-align: justify; \"><b>\u00a0</b></p>\r\n<p align=\"center\" style=\"text-align: justify; \"><b>\u00a0</b></p>\r\n<p align=\"center\" style=\"text-align: justify; \"><b>\u00a0</b></p>\r\n<p align=\"center\" style=\"text-align: justify; \"><b>SIDNEI NAYSSINHO</b></p>\r\n<p align=\"center\" style=\"text-align: justify; \"><b>Presidente da C\u00e2mara de Vereadores</b></p>\r\n<p style=\"text-align: justify; \">\u00a0</p>\r\n<p style=\"text-align: justify; \"><b>\u00a0</b></p>", "author_name": "viviane", "version": "1.0", "author_url": "https://www.rondaalta.rs.leg.br/author/viviane", "provider_name": "C\u00e2mara Municipal Ronda Alta - RS", "type": "rich"}