{"provider_url": "https://www.rondaalta.rs.leg.br", "title": "Recesso", "html": "<p><span>A C\u00e2mara de Vereadores informa que estar\u00e1 em recesso no per\u00edodo de 1\u00ba a 31 de janeiro de 2020.\u00a0</span></p>", "author_name": "viviane", "version": "1.0", "author_url": "https://www.rondaalta.rs.leg.br/author/viviane", "provider_name": "C\u00e2mara Municipal Ronda Alta - RS", "type": "rich"}