{"provider_url": "https://www.rondaalta.rs.leg.br", "title": "Vereadores realizam mais uma sess\u00e3o", "html": "<p style=\"text-align: justify; \">\u00a0 \u00a0 \u00a0 A sess\u00e3o plen\u00e1ria ordin\u00e1ria realizada na noite de ter\u00e7a-feira, 22 de agosto, foi presidida pelo presidente Vitor Roque Cavazini e secretariada pelo 1\u00ba secret\u00e1rio, Carlos Roberto Gavioli. Durante a reuni\u00e3o, que contou ainda com a presen\u00e7a dos vereadores Ant\u00e3o Lindomar Pavoski, Eliomar Jos\u00e9 Rigo, Luiz Antonio Gadini, Jos\u00e9 Fontana, Moacir Orbak, Sidnei Nayssinho e Silvanio Roque Lucca, foi apreciada e aprovada por unanimidade a ata n\u00ba 26/2017, referente a sess\u00e3o plen\u00e1ria ordin\u00e1ria ocorrida no dia 15 de agosto.<br /><span>\u00a0 \u00a0 \u00a0 \u00a0 \u00a0No expediente constou a leitura de nova justificativa ao Projeto de Lei do Executivo Municipal n\u00ba. 032, de 09 de agosto de 2017, que \u201cinclui programa no PPA, na LDO, abre cr\u00e9dito especial e aponta recursos no Or\u00e7amento Municipal, haja vista, equ\u00edvocos naquela que acompanhava o referido Projeto de Lei\u201d. N\u00e3o teve mat\u00e9ria em pauta para aprecia\u00e7\u00e3o na ordem do dia.<br /></span><span>\u00a0 \u00a0 \u00a0 \u00a0 \u00a0 \u00a0N\u00e3o houve grande expediente.<br /></span><em><strong><span>\u00a0 \u00a0 \u00a0 \u00a0 \u00a0 A pr\u00f3xima sess\u00e3o plen\u00e1ria ordin\u00e1ria ser\u00e1 realizada na ter\u00e7a-feira, 29 de agosto, \u00e0s 19h. Participe!</span></strong></em></p>", "author_name": "silvia", "version": "1.0", "author_url": "https://www.rondaalta.rs.leg.br/author/silvia", "provider_name": "C\u00e2mara Municipal Ronda Alta - RS", "type": "rich"}