{"provider_url": "https://www.rondaalta.rs.leg.br", "title": "Semana da P\u00e1tria iniciou em Ronda Alta", "html": "<p>Na manh\u00e3 dessa quinta-feira, 01, foi realizada a abertura da semana da p\u00e1tria no munic\u00edpio de Ronda Alta.</p>\r\n<p>Como primeiro ato houve o acendimento do fogo simb\u00f3lico junto ao memorial das v\u00edtimas da Covid, seguindo ap\u00f3s para a Pra\u00e7a Mose M\u00edssio o fogo foi transportado por integrantes da escolinha municipal de voleibol.</p>\r\n<p>Na pra\u00e7a as autoridades realizaram seus pronunciamentos, sendo que o Presidente do Legislativo, Juliano Perego, destacou que ser patriota \u00e9 mais do ostentar a bandeira ou as cores do Brasil, mas sim fazer acontecer a frase de Gandhi \u201cseja a diferen\u00e7a que voc\u00ea quer ver no mundo\u201d, o Professor mencionou ainda que somos patriotas quando cada um faz sua parte, alunos professores e todas as outras profiss\u00f5es, pois \u00e9 preciso agir para melhorar o nosso entorno.</p>\r\n<p>Por fim o representante do Poder Legislativo parabenizou aos professores de Educa\u00e7\u00e3o F\u00edsica pela passagem do seu dia.</p>\r\n<p>A programa\u00e7\u00e3o segue nos pr\u00f3ximos dias com apresenta\u00e7\u00e3o das escolas e pronunciamentos de autoridades no dia 07 de setembro.</p>", "author_name": "", "version": "1.0", "author_url": "https://www.rondaalta.rs.leg.br/author/morgana", "provider_name": "C\u00e2mara Municipal Ronda Alta - RS", "type": "rich"}