{"provider_url": "https://www.rondaalta.rs.leg.br", "title": "Poder Legislativo realiza mais uma sess\u00e3o ", "html": "<p style=\"text-align: justify; \">\u00a0 \u00a0 A 8\u00aa sess\u00e3o plen\u00e1ria ordin\u00e1ria da C\u00e2mara Municipal de Vereadores Normando Baldissarelli ocorreu na noite de ter\u00e7a-feira, 14 de mar\u00e7o, sob a presid\u00eancia do presidente Vitor Roque Cavazini, secretariada pelo 1\u00ba secret\u00e1rio, Carlos Roberto Gavioli, e a presen\u00e7a dos vereadores Ant\u00e3o Lindomar Pavoski, Jos\u00e9 Fontana, Luiz Ant\u00f4nio Gadini, Moacir Orbak,\u00a0 Sidnei\u00a0 Nayssinho, Silvanio Roque Lucca e o 1\u00ba suplente de vereador da Coliga\u00e7\u00e3o Ronda Alta no Caminho Certo, senhor Eliomar Jos\u00e9 Rigo.<br /><span>\u00a0 \u00a0 Ap\u00f3s abrir os trabalhos da noite, o presidente tomou o compromisso legal do 1\u00ba suplente da coliga\u00e7\u00e3o Ronda Alta no Caminho Certo, vereador Eliomar Jos\u00e9 Rigo, que na ocasi\u00e3o assumiu uma cadeira no Legislativo Municipal devido a licen\u00e7a da vereadora Maria Loreci Ca\u00fas, que assumiu a Secretaria Municipal de Cultura e Turismo.<br /></span><span>\u00a0 \u00a0 No expediente constaram as leituras das seguintes mat\u00e9rias: Resolu\u00e7\u00e3o n\u00ba. 002/2017, de 1\u00ba de mar\u00e7o de 2017, que \u201cconvoca o 1\u00ba suplente de vereador da Coliga\u00e7\u00e3o Ronda Alta no Caminho Certo, Eliomar Jos\u00e9 Rigo\u201d; Mo\u00e7\u00e3o n\u00ba. 001, de 03 de mar\u00e7o de 2017, de autoria da Bancada do Partido dos Trabalhadores, de \u201crep\u00fadio \u00e0 proposta de reforma da Previd\u00eancia - PEC n\u00ba. 287/2016\u201d; Projeto de Lei do Executivo Municipal n\u00ba. 009, de 13 de mar\u00e7o de 2017, que \u201cautoriza o Munic\u00edpio de Ronda Alta a firmar conv\u00eanio com o Hospital Comunit\u00e1rio Sarandi e d\u00e1 outras provid\u00eancias\u201d e o Projeto de Lei do Executivo Municipal n\u00ba. 010, de 13 de mar\u00e7o de 2017, que \u201cdenomina ruas do Loteamento Carlot e d\u00e1 outras provid\u00eancias\u201d.<br /></span><span>\u00a0 \u00a0No pequeno expediente o presidente abriu espa\u00e7o para a manifesta\u00e7\u00e3o dos vereadores que realizaram uma ampla discuss\u00e3o acerca da pauta do dia, em especial sobre a PEC da reforma da previd\u00eancia.<br /></span><span>Na ordem do dia, conforme previamente pautado, foram apreciadas as Contas de Governo do Munic\u00edpio do ano de 2014, Processo n\u00famero 002721-0200/14-8, de responsabilidade do ent\u00e3o e atual gestor municipal, senhor Miguel Angelo Gasparetto, sendo aprovadas por unanimidade, acatando-se a recomenda\u00e7\u00e3o constante no Parecer Pr\u00e9vio do Tribunal de Contas do Estado de n\u00ba. 18.561, de 16 de agosto de 2016, culminando com a lavratura do respectivo Decreto Legislativo (em anexo).<br /></span><span>\u00a0 \u00a0 N\u00e3o houve grande expediente.<br /></span><span>\u00a0 \u00a0 A pr\u00f3xima sess\u00e3o plen\u00e1ria ordin\u00e1ria ser\u00e1 realizada na ter\u00e7a-feira, 21 de mar\u00e7o, \u00e0s 19h. Participe!</span></p>", "author_name": "silvia", "version": "1.0", "author_url": "https://www.rondaalta.rs.leg.br/author/silvia", "provider_name": "C\u00e2mara Municipal Ronda Alta - RS", "type": "rich"}