{"provider_url": "https://www.rondaalta.rs.leg.br", "title": "Informativo do Poder Legislativo", "html": "<p style=\"text-align: justify; \">\u00a0 \u00a0 Na noite de 19 de setembro, \u00e0s 19h, os vereadores reuniram-se em mais uma sess\u00e3o plen\u00e1ria ordin\u00e1ria, presidida pela presidente, Vitor Roque Cavazini, e secretariada pelo 1\u00ba secret\u00e1rio, Carlos Roberto Gavioli. O encontro contou ainda com a presen\u00e7a dos vereadores Ant\u00e3o Lindomar Pavoski,\u00a0 Eliomar Jos\u00e9 Rigo, Luiz Antonio Gadini, Jos\u00e9 Fontana, Moacir Orbak,\u00a0 Sidnei Nayssinho e Silvanio Roque Lucca. Primeiramente o presidente colocou em aprecia\u00e7\u00e3o e vota\u00e7\u00e3o a ata n\u00ba. 029/2017, referente \u00e0 sess\u00e3o plen\u00e1ria ordin\u00e1ria realizada no dia 12 de setembro, a qual, ap\u00f3s lida e oportunizada sua discuss\u00e3o, foi aprovada por unanimidade e sem ressalvas.<br /><span>\u00a0 \u00a0 Em seguida, no expediente, constaram as leituras das seguintes mat\u00e9rias: Edital de convoca\u00e7\u00e3o do Poder Executivo em conjunto com o Poder Legislativo, para audi\u00eancia p\u00fablica com vista \u00e0 apresenta\u00e7\u00e3o do Relat\u00f3rio Resumido de Execu\u00e7\u00e3o Or\u00e7ament\u00e1ria - RREO e cumprimento das Metas Fiscais, referente ao 2\u00ba quadrimestre, maio a agosto de 2017, a ser realizada no pr\u00f3ximo dia 28 de setembro, \u00e0s 10h, no Plen\u00e1rio da C\u00e2mara Municipal; Projeto de Lei do Executivo Municipal n\u00ba. 036, de 08 de setembro de 2017, que \u201caltera o C\u00f3digo Tribut\u00e1rio Municipal - CTM, Lei 1.719/2013, para fins de acrescentar as altera\u00e7\u00f5es dispostas pela LC 157/2016, que alterou a Lei Complementar 116/2003 e d\u00e1 outras provid\u00eancias\u201d e Projeto de Lei do Executivo Municipal n\u00ba. 037, de 08 de setembro de 2017, que \u201caltera Anexo I da Lei Municipal n\u00ba. 579, de 28 de fevereiro de 1992, que trata da classifica\u00e7\u00e3o de cargos dos servidores p\u00fablicos municipais, estabelece normas de enquadramento, institui tabela de vencimentos e d\u00e1 outras provid\u00eancias\u201d.<br /></span><span>\u00a0 \u00a0 \u00a0N\u00e3o teve mat\u00e9ria para aprecia\u00e7\u00e3o na ordem do dia.<br /></span><span>\u00a0 \u00a0 \u00a0N\u00e3o houve pronunciamento no grande expediente.<br /></span><span>\u00a0 A pr\u00f3xima sess\u00e3o plen\u00e1ria ordin\u00e1ria ocorrer\u00e1 na ter\u00e7a-feira, 26 de setembro, \u00e0s 19h. Participe e fique por dentro do trabalho que vem sendo desenvolvido em benef\u00edcio de Ronda Alta.</span></p>", "author_name": "silvia", "version": "1.0", "author_url": "https://www.rondaalta.rs.leg.br/author/silvia", "provider_name": "C\u00e2mara Municipal Ronda Alta - RS", "type": "rich"}