{"provider_url": "https://www.rondaalta.rs.leg.br", "title": "Dia da Consci\u00eancia Negra", "html": "<p><span>Dia da Consci\u00eancia Negra \ud83d\udc9b\u270a\ud83c\udfff</span><br /><br /><span>Hoje \u00e9 dia de celebrar a for\u00e7a, a hist\u00f3ria e a contribui\u00e7\u00e3o do povo negro na constru\u00e7\u00e3o do nosso pa\u00eds e tamb\u00e9m de refletir sobre o respeito, a igualdade e o combate ao racismo.</span><br /><br /><span>A Consci\u00eancia Negra \u00e9 um convite \u00e0 empatia, \u00e0 valoriza\u00e7\u00e3o da diversidade e \u00e0 constru\u00e7\u00e3o de uma sociedade mais justa e inclusiva. \ud83c\udf0d\ud83e\udd1d</span><br /><br /><span>A C\u00e2mara Municipal de Vereadores de Ronda Alta refor\u00e7a seu compromisso com o di\u00e1logo, a representatividade e a promo\u00e7\u00e3o da igualdade racial.</span></p>", "author_name": "", "version": "1.0", "author_url": "https://www.rondaalta.rs.leg.br/author/djmanfrin", "provider_name": "C\u00e2mara Municipal Ronda Alta - RS", "type": "rich"}