{"provider_url": "https://www.rondaalta.rs.leg.br", "title": "INICIADA A ORGANIZA\u00c7\u00c3O DO JANTAR DO VINHO   ", "html": "<p><span>Na \u00faltima sexta-feira foram iniciadas as tratativas para organiza\u00e7\u00e3o do Jantar do Vinho.</span></p>\r\n<p>O evento acontecer\u00e1 na Linha Divis\u00f3ria, no dia 05 de agosto, e contar\u00e1 com a organiza\u00e7\u00e3o de integrantes da comunidade, c\u00e2mara municipal de vereadores, secretaria de agricultura e meio ambiente e EMATER.</p>\r\n<p>Os vereadores que representam o legislativo na comiss\u00e3o de organiza\u00e7\u00e3o s\u00e3o o Presidente Juliano Perego e o Vice \u2013 Presidente Vitor Cavazini.</p>\r\n<p>A princ\u00edpio est\u00e1 definido que na noite ser\u00e1 servido card\u00e1pio de comidas t\u00edpicas italianas, sob responsabilidade da EMATER, tamb\u00e9m haver\u00e1 a realiza\u00e7\u00e3o do concurso municipal de vinhos e entrega das premia\u00e7\u00f5es.</p>\r\n<p>Nas pr\u00f3ximas reuni\u00f5es ser\u00e3o definidos os valores das fichas.</p>", "author_name": "", "version": "1.0", "author_url": "https://www.rondaalta.rs.leg.br/author/morgana", "provider_name": "C\u00e2mara Municipal Ronda Alta - RS", "type": "rich"}