{"provider_url": "https://www.rondaalta.rs.leg.br", "title": "INICIADA A ORGANIZA\u00c7\u00c3O DA 4\u00aa EDI\u00c7\u00c3O DO VEREADOR MIRIM   ", "html": "<p>A Comiss\u00e3o respons\u00e1vel pelo Programa Vereador Mirim se reuniu com a Secret\u00e1ria de Educa\u00e7\u00e3o Andr\u00e9ia Scarpin Noetzold, nessa segunda, para dar in\u00edcio aos tr\u00e2mites da 4\u00aa Edi\u00e7\u00e3o.</p>\r\n<p>Formada pelos Vereadores Kleber Civardi, Lucca e Lizane, com apoio do vereador e Professor, Juliano Perego, a comiss\u00e3o tratou a respeito de reuni\u00f5es com as dire\u00e7\u00f5es das escolas com 8\u00ba e 9\u00ba anos, para realizar a escolha de 09 alunos para representar os estudantes na nova composi\u00e7\u00e3o.</p>\r\n<p>Na oportunidade foram decididas as datas limite para entrega dos nomes dos legisladores mirins e a data para in\u00edcio dos trabalhos da C\u00e2mara Jovem.</p>\r\n<p>\u00a0A secret\u00e1ria destacou a import\u00e2ncia dessa oportunidade para os estudantes, que tem a chance de participar ativamente do crescimento da comunidade.</p>\r\n<p>O Presidente da Casa, Kleber Civardi tamb\u00e9m sugeriu que fosse realizado um programa voltado aos alunos do ensino m\u00e9dio, pois o presidente anterior, Juliano Perego, j\u00e1 havia iniciado uma conversa com os alunos da Escola Gaviolli.</p>\r\n<p>Todos os presentes concordaram que ser\u00e1 muito produtiva a realiza\u00e7\u00e3o de um novo projeto, o VEREADOR POR UM DIA, pois os alunos do ensino m\u00e9dio tem amplas condi\u00e7\u00f5es de trazer muitas ideias para a melhoria da comunidade.</p>\r\n<p>\u00a0Nos pr\u00f3ximos dias teremos mais encontros para definir o restante dos assuntos pertinentes e em breve teremos novos vereadores mirins para dar seguimento ao projeto.</p>", "author_name": "", "version": "1.0", "author_url": "https://www.rondaalta.rs.leg.br/author/morgana", "provider_name": "C\u00e2mara Municipal Ronda Alta - RS", "type": "rich"}