{"provider_url": "https://www.rondaalta.rs.leg.br", "title": "INICIADA A 7\u00aa RONDA DA CULTURA GA\u00daCHA.", "html": "<div dir=\"auto\">Na tarde desse domingo, dia 11, foi realizada a solenidade de abertura da 7\u00aa Ronda da Cultura Ga\u00facha, sendo tamb\u00e9m realizada a entrega dos pr\u00eamios de M\u00e9rito farroupilha para 05 indicados.</div>\r\n<div dir=\"auto\">Pela C\u00e2mara e pelos vereadores mirins os nomes indicados foram</div>\r\n<div dir=\"auto\">Ant\u00f4nia Dalsant Trombetta, El\u00f3i Ant\u00f4nio Vicentini e Osmar Raimondi.</div>\r\n<div dir=\"auto\">O Presidente do Legislativo, <span><a class=\"qi72231t nu7423ey n3hqoq4p r86q59rh b3qcqh3k fq87ekyn bdao358l fsf7x5fv rse6dlih s5oniofx m8h3af8h l7ghb35v kjdc1dyq kmwttqpk srn514ro oxkhqvkx rl78xhln nch0832m cr00lzj9 rn8ck1ys s3jn8y49 icdlwmnq cxfqmxzd d1w2l3lo tes86rjd\" href=\"https://www.facebook.com/juliano.perego.1?__cft__[0]=AZWvYhFKWuOR07D3FWMegW_rHuzQfJE-7kvUPsJYc66XztRaRHfdeEgXtCkWIbvx3bDdsuJAPZgqK7wb6CNapc0MIj_BtQ2y1jqOiNrj_PqmsqNRsZ1ygIve5bnUqksB3oT_5vjhFzmjZeN5mbHSFowl4i022PEeoHIOPf2ZYUtY4KTwK4pwEcYy66vo3EuEVwKCLV8O9t_cCJaboX4FpvZafehsgYtCgg8WD8BLUj-klKf5Ts9ZESoOBPKBpPtvaNySPtoPtGoS-GsZYRMQMfAVkWBzV9yz7e69Nx6MIGTPbg&amp;__tn__=-]K-R\" tabindex=\"0\"><span class=\"rse6dlih\">Juliano Perego</span></a></span> destacou a participa\u00e7\u00e3o dos Lanceiros Negros durante as guerras farrapas e <span><a tabindex=\"-1\"></a></span>parabenizou aos indicados e aos idealizadores do evento, que se iniciou no ano de 2013.</div>\r\n<div dir=\"auto\">Na tarde tamb\u00e9m foi realizado o lan\u00e7amento do livro de Waldemar Brugnera sobre as hist\u00f3ria das 14 legislaturas de Ronda Alta.</div>\r\n<div class=\"acfifjfajpekbmhmjppnmmjgmhjkildl\" id=\"acfifjfajpekbmhmjppnmmjgmhjkildl\"></div>", "author_name": "", "version": "1.0", "author_url": "https://www.rondaalta.rs.leg.br/author/morgana", "provider_name": "C\u00e2mara Municipal Ronda Alta - RS", "type": "rich"}