{"provider_url": "https://www.rondaalta.rs.leg.br", "title": "Informativo da C\u00e2mara de Vereadores de Ronda Alta", "html": "<p style=\"text-align: justify; \">A primeira sess\u00e3o plen\u00e1ria ordin\u00e1ria do ano legislativo de 2018 aconteceu na noite de quinta-feira, 1\u00ba de fevereiro. Sob a presid\u00eancia do Presidente Jos\u00e9 Fontana e secretariada pelo 1\u00ba Secret\u00e1rio Silv\u00e2nio Roque Lucca, a reuni\u00e3o contou ainda com a presen\u00e7a dos demais vereadores com assento na Casa, sendo eles: Ant\u00e3o Lindomar Pavoski, Carlos Roberto Gavioli, Luiz Ant\u00f4nio Gadini, Maria Loreci Ca\u00fas, Moacir Orbak, Sidnei Nayssinho e Vitor Roque Cavazini.</p>\r\n<p style=\"text-align: justify; \"><strong>Mat\u00e9rias lidas no expediente</strong>:</p>\r\n<p style=\"text-align: justify; \"><strong>Comunicado da vereadora Maria Loreci Ca\u00fas</strong>, datado de 03 de janeiro de 2018, reassumindo sua cadeira na Casa Legislativa.<br /><span><strong>Projeto de Lei do Executivo Municipal n\u00ba. 001, </strong>de 16 de janeiro de 2018, que \u201cinclui programa no PPA, na LDO, abre cr\u00e9dito especial e aponta recursos no Or\u00e7amento Municipal\u201d.<br /></span><span><strong>Of\u00edcio do Gabinete n\u00ba. 018</strong>, de 29 de janeiro de 2018, solicitando a aprecia\u00e7\u00e3o do Projeto de Lei n\u00ba. 001/2018 em regime de urg\u00eancia, dada a extrema import\u00e2ncia ao seguimento do Programa Avan\u00e7ar Brasil.</span></p>\r\n<p style=\"text-align: justify; \"><strong>Ordem do dia:</strong></p>\r\n<p style=\"text-align: justify; \">Ocorreu a escolha das comiss\u00f5es permanentes para 2018, que ficaram assim definidas:<br /><span><strong>Constitui\u00e7\u00e3o e Justi\u00e7a</strong>:<br /></span><span>Presidente: Ant\u00e3o Lindomar Pavoski; Relator: Vitor Roque Cavazini e Revisor: Silv\u00e2nio Roque Lucca.</span></p>\r\n<p style=\"text-align: justify; \"><strong>Finan\u00e7as e Or\u00e7amento:<br /></strong><span>Presidente: Silv\u00e2nio Roque Lucca; Relatora: Maria Loreci Ca\u00fas e Revisor: Moacir Orback</span></p>\r\n<p style=\"text-align: justify; \"><strong>Obras e Servi\u00e7os P\u00fablicos:<br /></strong><span>Presidente: Sidnei Nayssinho; Relator: Vitor Roque Cavazini e Revisor: Carlos Roberto Gavioli</span></p>\r\n<p style=\"text-align: justify; \"><strong>Educa\u00e7\u00e3o, A\u00e7\u00e3o Social e Meio Ambiente:<br /></strong><span>Presidente: Luiz Ant\u00f4nio Gadini; Relatora: Maria Loreci Ca\u00fas e Revisor: Carlos Roberto Gavioli.</span></p>\r\n<p style=\"text-align: justify; \"><span>Na mesma oportunidade tamb\u00e9m foram escolhidas as lideran\u00e7as de bancadas e de governo, conforme segue:</span></p>\r\n<p style=\"text-align: justify; \">L\u00edder de Governo: Luiz Ant\u00f4nio Gadini.<br /><span>Vice-l\u00edder de Governo: Maria Loreci Ca\u00fas.<br /></span><span>L\u00edder da Bancada Governista: Sidnei Nayssinho.<br /></span><span>Vice-l\u00edder da Bancada Governista: Silv\u00e2nio Roque Lucca.<br /></span><span>L\u00edder da Bancada Oposicionista: Ant\u00e3o Lindomar Pavoski.<br /></span><span>Vice-l\u00edder da Bancada Oposicionista: Carlos Roberto Gavioli.</span></p>\r\n<p style=\"text-align: justify; \">Ap\u00f3s a elei\u00e7\u00e3o, com a concord\u00e2ncia das bancadas e o aval das comiss\u00f5es pertinentes em plen\u00e1rio, <strong>foi apreciado e aprovado por unanimidade o Projeto de Lei do Executivo Municipal n\u00ba. 001</strong>, de 16 de janeiro de 2018, que \u201cinclui programa no PPA, na LDO, abre cr\u00e9dito especial e aponta recursos no Or\u00e7amento Municipal\u201d.</p>\r\n<p style=\"text-align: justify; \"><strong><em>A pr\u00f3xima sess\u00e3o plen\u00e1ria ordin\u00e1ria ocorrer\u00e1 na ter\u00e7a-feira, 20 de fevereiro, \u00e0s 19h. Participe e fique por dentro do trabalho que vem sendo realizado em prol do munic\u00edpio.</em></strong></p>", "author_name": "silvia", "version": "1.0", "author_url": "https://www.rondaalta.rs.leg.br/author/silvia", "provider_name": "C\u00e2mara Municipal Ronda Alta - RS", "type": "rich"}