{"provider_url": "https://www.rondaalta.rs.leg.br", "title": "Informativo da C\u00e2mara de Vereadores de Ronda Alta", "html": "<p>\u00a0 \u00a0 Os vereadores de Ronda Alta reuniram-se para mais uma sess\u00e3o plen\u00e1ria ordin\u00e1ria na noite de ter\u00e7a-feira, 9 de maio. Antes de iniciar a sess\u00e3o, o presidente do Legislativo, vereador Vitor Roque Cavazini cedeu espa\u00e7o aos representantes da EMATER, Marli Terezinha Bernardi, e Douglas Campigotto, que prestaram esclarecimentos acerca do trabalho prestado pela entidade no munic\u00edpio.<br /><span>\u00a0 \u00a0 Ap\u00f3s a breve e esclarecedora explana\u00e7\u00e3o, o presidente declarou aberta a 14\u00aa sess\u00e3o plen\u00e1ria ordin\u00e1ria, sendo secretariada pelo 2\u00ba secret\u00e1rio, Luiz Ant\u00f4nio Gadini, e a presen\u00e7a dos vereadores: Ant\u00e3o Lindomar Pavoski, Eliomar Jos\u00e9 Rigo, Jos\u00e9 Fontana, Moacir Orbak, Roque Arlene de Couto, Sidnei\u00a0 Nayssinho e Silvanio Roque Lucca.<br /></span><span>\u00a0 \u00a0 Ap\u00f3s declarar aberta a sess\u00e3o o presidente tomou o compromisso legal do 1\u00ba suplente de vereador da \u2018Coliga\u00e7\u00e3o Frente Rondaltense\u2019, Roque Arlene de Couto, que na ocasi\u00e3o assumia Cadeira no Legislativo Municipal, com a licen\u00e7a tempor\u00e1ria do vereador Carlos Roberto Gavioli, e ainda n\u00e3o compromissado. O suplente foi ladeado at\u00e9 a Mesa Diretora para prestar seu compromisso legal pelos edis Ant\u00e3o Lindomar Pavoski e Silvanio Roque Lucca. Ap\u00f3s, procedeu-se a aprecia\u00e7\u00e3o e vota\u00e7\u00e3o da ata n\u00ba. 014/2017, referente \u00e0 sess\u00e3o plen\u00e1ria ordin\u00e1ria realizada no dia 25 de abril, a qual, ap\u00f3s lida e oportunizada sua discuss\u00e3o, foi aprovada por unanimidade.<br /></span><span>\u00a0 \u00a0 No expediente foram lidas as seguintes mat\u00e9rias: Pedido de licen\u00e7a, por interesse de foro \u00edntimo, do vereador Carlos Roberto Gavioli, nos dias 08, 09 e 10 de maio; Resolu\u00e7\u00e3o n\u00ba. 003/2017 concedendo licen\u00e7a ao vereador Carlos Roberto Gavioli; Resolu\u00e7\u00e3o n\u00ba. 004/2017 convocando o 1\u00ba suplente de vereador da Coliga\u00e7\u00e3o Frente Rondaltense, Roque\u00a0 Arlene\u00a0 de Couto; convite da Secretaria\u00a0 Municipal de Sa\u00fade e do Conselho Municipal de Sa\u00fade para a 1\u00aa Confer\u00eancia Municipal de Sa\u00fade da Mulher, a realizar-se no dia 16 de maio de 2017,\u00a0 \u00e0s 13h, no Esporte Clube Brasil; as Indica\u00e7\u00f5es de n\u00fameros 001 e 002/2017, de autoria da Bancada de Oposi\u00e7\u00e3o, propondo a canaliza\u00e7\u00e3o pluvial e pavimenta\u00e7\u00e3o da Rua Paulo Sobrinho Celso, no loteamento de Luiz Paulo Celso, no Bairro Ipiranga, bem como, indicando ao senhor Prefeito Municipal que interceda junto aos propriet\u00e1rios de lotes urbanos que ainda n\u00e3o possuem passeio p\u00fablico, que providenciem a constru\u00e7\u00e3o ou que seja executado pelo mun\u00edcipio, lan\u00e7ando-se o valor correspondente no respectivo cadastro para posterior cobran\u00e7a; Of\u00edcio do Gabinete de n\u00ba. 097, de 05 de maio de 2017; atrav\u00e9s do qual \u00e9 reapresentado, com as adequa\u00e7\u00f5es pertinentes; o Projeto de Lei do Executivo Municipal n\u00ba. 011/2017, que \u201cacrescenta dispositivos a Lei Municipal n\u00ba. 1.368/2006 e d\u00e1 outras provid\u00eancias\u201d, solicitando-se seu regular seguimento; Projeto de Lei do Executivo Municipal n\u00ba. 014, de 03 de maio de 2017, que \u201caltera n\u00edvel de vencimento, descri\u00e7\u00e3o sint\u00e9tica e atribui\u00e7\u00f5es do cargo de provimento efetivo de T\u00e9cnico em Inform\u00e1tica, constante na Lei Municipal n\u00ba. 579, de 28/02/2010 e Lei Municipal n\u00ba. 1.535, de 12/05/2010 e d\u00e1 outras provid\u00eancias\u201d; Projeto de Lei do Executivo Municipal n\u00ba. 015, de 05 de maio de 2017, que \u201caltera o Anexo I da Lei Municipal n\u00ba. 579, de 28 de fevereiro de 1992, que trata da Classifica\u00e7\u00e3o de Cargos dos Servidores P\u00fablicos Municipais, Estabelece Normas de Enquadramentos, Institui Tabela de Vencimentos, cria Gratifica\u00e7\u00e3o Especial e Fun\u00e7\u00e3o Gratificada e d\u00e1 outras provid\u00eancias\u201d e Projeto de Lei do Executivo Municipal n\u00ba. 016,\u00a0 de 05 de maio de 2017, que \u201caltera o art. 1\u00ba. da Lei Municipal n\u00ba. 1.729/2014 e d\u00e1 outras provid\u00eancias.<br /></span><span>\u00a0 \u00a0 As manifesta\u00e7\u00f5es dos vereadores que ocuparam a tribuna do grande expediente encontram-se registradas no sistema de som da C\u00e2mara Municipal, dentre elas, do suplente de vereador Roque Arlene de Couto. Na ordem do dia n\u00e3o constaram mat\u00e9rias em pauta para aprecia\u00e7\u00e3o.<br /></span><span>\u00a0 \u00a0 A pr\u00f3xima sess\u00e3o plen\u00e1ria ordin\u00e1ria ser\u00e1 realizada na ter\u00e7a-feira, 16 de maio, \u00e0s 19h. Participe e fique por dentro do trabalho que os vereadores v\u00eam desenvolvendo em benef\u00edcio da comunidade rondaltense.</span></p>", "author_name": "silvia", "version": "1.0", "author_url": "https://www.rondaalta.rs.leg.br/author/silvia", "provider_name": "C\u00e2mara Municipal Ronda Alta - RS", "type": "rich"}