{"provider_url": "https://www.rondaalta.rs.leg.br", "title": "Festa de navegantes reuniu centenas de fi\u00e9is   ", "html": "<p align=\"justify\"><img src=\"https://www.rondaalta.rs.leg.br/WhatsAppImage20230206at14.25.501.jpeg\" alt=\"\" class=\"image-inline\" title=\"\" />O munic\u00edpio de Ronda Alta foi palco de uma grande celebra\u00e7\u00e3o religiosa nesse final de semana.</p>\r\n<p align=\"justify\">As comemora\u00e7\u00f5es em alus\u00e3o ao dia de Nossa Senhora dos Navegantes, padroeira do munic\u00edpio, reuniram fi\u00e9is de toda a regi\u00e3o, a programa\u00e7\u00e3o iniciou na igreja da matriz e seguiu em uma prociss\u00e3o aqu\u00e1tica que iniciou nas imedia\u00e7\u00f5es do loteamento Breda e findou, ap\u00f3s aproximadamente 40 min, no Balne\u00e1rio Passo da Entrada.</p>\r\n<p align=\"justify\">No local foi realizada uma celebra\u00e7\u00e3o religiosa conduzida pelo Padre C\u00e9lio Zamarchi, que se despediu da par\u00f3quia ap\u00f3s 10 anos de trabalhos.</p>\r\n<p align=\"justify\">Ainda, ap\u00f3s a celebra\u00e7\u00e3o foi servido o almo\u00e7o no gin\u00e1sio existente junto ao balne\u00e1rio.</p>\r\n<p align=\"justify\">\u00a0<i><b>Vereadores auxiliaram na realiza\u00e7\u00e3o do evento.</b></i></p>\r\n<p align=\"justify\">\u00a0Para que o evento acontecesse e tivesse \u00eaxito muitas pessoas dedicaram seu tempo aos preparativos.</p>\r\n<p align=\"justify\">O conselho paroquial, a administra\u00e7\u00e3o municipal, fi\u00e9is, a comunidade e a C\u00e2mara de vereadores buscaram, cada um dentro de suas possibilidades organizar a estrutura, as celebra\u00e7\u00f5es e o almo\u00e7o servido no domingo.</p>\r\n<p align=\"justify\">\u00a0</p>\r\n<p align=\"justify\">O conselho paroquial convidou os parlamentares para auxiliar no almo\u00e7o e assim todos os vereadores contribu\u00edram com os preparativos da carne que se iniciaram ainda no s\u00e1bado, al\u00e9m de participar de reuni\u00f5es anteriores para a organiza\u00e7\u00e3o.</p>\r\n<p align=\"justify\">Desse modo, com a participa\u00e7\u00e3o de todos o evento pode receber in\u00fameros fi\u00e9is.</p>\r\n<p align=\"justify\">\u00a0</p>\r\n<p align=\"justify\">Parabenizamos a todos os organizadores.</p>\r\n<p align=\"justify\">\u00a0</p>", "author_name": "", "version": "1.0", "author_url": "https://www.rondaalta.rs.leg.br/author/morgana", "provider_name": "C\u00e2mara Municipal Ronda Alta - RS", "type": "rich"}