{"provider_url": "https://www.rondaalta.rs.leg.br", "title": "ENCERRADA A 4\u00aa EDI\u00c7\u00c3O DO PROJETO VEREADOR MIRIM", "html": "<p align=\"justify\">\u00a0</p>\r\n<p align=\"justify\">\u00a0Na \u00faltima ter\u00e7a-feira tivemos o encerramento do projeto Vereador mirim.</p>\r\n<p align=\"justify\">Esse ano contamos com a participa\u00e7\u00e3o de todas as escolas municipais e estaduais do munic\u00edpio.</p>\r\n<p align=\"justify\">Foram treze jovens que iniciaram sua caminhada rumo a cidadania.</p>\r\n<p align=\"justify\">Apresentamos o poder legislativo e as fun\u00e7\u00f5es do vereador desde as visitas feitas nas escolas, nas quais o Presidente da Casa e os integrantes da comiss\u00e3o respons\u00e1vel pelo projeto conversaram com os alunos de oitavos e nonos anos convidando a fazer parte da iniciativa.</p>\r\n<p align=\"justify\">A quarta edi\u00e7\u00e3o promoveu forma\u00e7\u00f5es de orat\u00f3ria, visitas a \u00f3rg\u00e3os oficiais, participa\u00e7\u00e3o ativa em campanhas sociais e a presen\u00e7a em eventos solenes, al\u00e9m das sess\u00f5es realizadas na casa legislativa.</p>\r\n<p align=\"justify\">\u00a0Nesse processo os vereadores mirins puderam conhecer melhor o funcionamento dos poderes executivo, legislativo e judici\u00e1rio, al\u00e9m de desenvolver imensamente suas habilidades de pensamento cidad\u00e3o e comunica\u00e7\u00e3o.</p>\r\n<p align=\"justify\">\u00a0Parabenizamos \u00e0s fam\u00edlias, dire\u00e7\u00f5es, professores, aos vereadores e aos integrantes da 4\u00aa Legislatura Mirim pelo trabalho desenvolvido e pelas oportunidades trazidas aos jovens em 2023.</p>\r\n<p align=\"justify\">\u00a0<strong><b>Destacamos agora os integrantes da 4\u00aa Legislatura Mirim</b></strong></p>\r\n<p align=\"justify\"><strong><span><span><span><span><span><span><b>F\u00e1g Kav\u00e1</b></span></span></span></span></span></span></strong></p>\r\n<p><span><span><span>Antoni Karenh Claudino de Oliveira - 8\u00ba Ano</span></span></span></p>\r\n<p><span><span><span>Fabric\u00edo Fat\u00e1nh Braga Neto - 9\u00ba Ano</span></span></span></p>\r\n<p><span><span><span>Lisiane Ferreira Doble - 8\u00ba Ano (suplente)</span></span></span></p>\r\n<p><strong><span><span><span><span><span><span><b>Mem de S\u00e1</b></span></span></span></span></span></span></strong></p>\r\n<p><span><span><span>Luis Eduardo Rodrigues de Aquino - 9\u00ba Ano</span></span></span></p>\r\n<p><span><span><span>Larissa Eduarda da Silva Ferreira - 9\u00ba Ano</span></span></span></p>\r\n<p><strong><span><span><span><span><span><span><b>Alfredo Gaviolli</b></span></span></span></span></span></span></strong></p>\r\n<p><span><span><span>Isabella Giacomelli - 8\u00ba Ano</span></span></span></p>\r\n<p><span><span><span>Bianca Fanin Giacomelli - 9\u00ba Ano</span></span></span></p>\r\n<p><span><span><span>Ana Gabrielli Rinaldi - 9\u00ba Ano - SUPLENTE</span></span></span></p>\r\n<p><strong><span><span><span><span><span><span><b>Herculino Baldissarella</b></span></span></span></span></span></span></strong></p>\r\n<p><span><span><span>Clara Caus Pereira - 9\u00ba Ano 1</span></span></span></p>\r\n<p><span><span><span>- Eduardo Guilherme Brunetto - 9\u00ba Ano 2</span></span></span></p>\r\n<p><span><span><span>- Miguel Augusto Ferronato Beux- 8\u00ba Ano 3</span></span></span></p>\r\n<p><span><span><span>- Ma\u00edsa Dutra Magnagnagno - 9\u00ba Ano 2\u00a0</span></span></span></p>\r\n<p><strong><span><span><span><span><span><span><b>Isabel de Orleans</b></span></span></span></span></span></span></strong></p>\r\n<p><span><span><span>Camily Aparecida Lazarini - 9\u00ba ano</span></span></span></p>\r\n<p align=\"justify\">\u00a0</p>\r\n<p align=\"justify\">\u00a0</p>", "author_name": "", "version": "1.0", "author_url": "https://www.rondaalta.rs.leg.br/author/morgana", "provider_name": "C\u00e2mara Municipal Ronda Alta - RS", "type": "rich"}