{"provider_url": "https://www.rondaalta.rs.leg.br", "title": "EDITAL DE CONVOCA\u00c7\u00c3O - AUDI\u00caNCIA P\u00daBLICA", "html": "<p align=\"center\" class=\"western\">O Poder Executivo em conjunto com o Poder Legislativo do Munic\u00edpio de Ronda Alta - Estado do Rio Grande do Sul, com fundamento na Lei Complementar n\u00ba 101/2000, <b>TORNA P\u00daBLICO</b> para conhecimento dos interessados que estar\u00e1 realizando no dia <b>19/05/2021</b>, \u00e0s <b>10:00</b> horas, no <b>Plen\u00e1rio da C\u00e2mara Municipal,</b> Audi\u00eancia P\u00fablica com vista a apresenta\u00e7\u00e3o do RREO 2\u00ba bimestre de 2021 e cumprimento das Metas Fiscais, referente o 1\u00ba quadrimestre, janeiro a abril de 2021.</p>\r\n<p align=\"justify\" class=\"western\">\u00a0</p>\r\n<p align=\"center\" class=\"western\"><b>GABINETE DO PREFEITO MUNICIPAL DE RONDA ALTA-RS, EM 07 DE MAIO DE 2021.</b></p>\r\n<p align=\"justify\" class=\"western\">\u00a0</p>\r\n<p align=\"justify\" class=\"western\">\u00a0</p>\r\n<p align=\"center\" class=\"western\"><b>Marcos Miguel Beux</b></p>\r\n<p align=\"center\" class=\"western\"><b>Prefeito Municipal</b></p>\r\n<p align=\"center\" class=\"western\">\u00a0</p>\r\n<p align=\"center\" class=\"western\">\u00a0</p>\r\n<p align=\"center\" class=\"western\">\u00a0</p>\r\n<p align=\"center\" class=\"western\"><b>Silv\u00e2nio Roque Lucca</b></p>\r\n<p align=\"center\" class=\"western\"><b>Presidente da C\u00e2mara de Vereadores</b></p>\r\n<p align=\"center\" class=\"western\"><b><img class=\"image-inline\" src=\"resolveuid/f2d1d978ec274935a402923b523e58f5/null\" /></b></p>", "author_name": "", "version": "1.0", "author_url": "https://www.rondaalta.rs.leg.br/author/morgana", "provider_name": "C\u00e2mara Municipal Ronda Alta - RS", "type": "rich"}