{"provider_url": "https://www.rondaalta.rs.leg.br", "title": "Edital de convoca\u00e7\u00e3o -  audi\u00eancia p\u00fablica", "html": "<p>EDITAL DE CONVOCA\u00c7\u00c3O</p>\r\n<p>O Poder Executivo, em conjunto com o Poder Legislativo do Munic\u00edpio de Ronda Alta, Estado do Rio Grande do Sul, com fundamento na Lei Complementar n\u00ba 101/2000, TORNA P\u00daBLICO, para conhecimento dos interessados que estar\u00e1 realizando no dia 25/09/2019, \u00e0s 10h, no Plen\u00e1rio da C\u00e2mara Municipal, Audi\u00eancia P\u00fablica com vista a apresenta\u00e7\u00e3o do RREO 4\u00ba bimestre de 2019, cumprimento das Metas Fiscais, referente o 2\u00ba quadrimestre, maio a agosto de 2019, bem como an\u00e1lise do Projeto de Lei relativo a LDO \u2013 Lei de Diretrizes Or\u00e7ament\u00e1rias para 2020.</p>\r\n<p><br />GABINETE DO PREFEITO MUNICIPAL DE RONDA ALTA-RS, EM 10 DE SETEMBRO DE 2019.</p>\r\n<p><br />MIGUEL ANGELO GASPARETTO<br />Prefeito Municipal</p>\r\n<p>Moacir Orbak<br />Presidente da C\u00e2mara de Vereadores</p>", "author_name": "silvia", "version": "1.0", "author_url": "https://www.rondaalta.rs.leg.br/author/silvia", "provider_name": "C\u00e2mara Municipal Ronda Alta - RS", "type": "rich"}