{"provider_url": "https://www.rondaalta.rs.leg.br", "title": "Edital de convoca\u00e7\u00e3o", "html": "<p><span style=\"text-align: justify; \">\u00a0 \u00a0 \u00a0 \u00a0 \u00a0 \u00a0 \u00a0 \u00a0 \u00a0 \u00a0O Poder Executivo em conjunto com o Poder Legislativo do Munic\u00edpio de Ronda Alta - Estado do Rio Grande do Sul, com fundamento na Lei Complementar n\u00ba 101/2000, </span><b style=\"text-align: justify; \">TORNA P\u00daBLICO</b><span style=\"text-align: justify; \"> para conhecimento dos interessados que estar\u00e1 realizando no dia </span><b style=\"text-align: justify; \">25/05/2017</b><span style=\"text-align: justify; \">, \u00e0s </span><b style=\"text-align: justify; \">10:00</b><span style=\"text-align: justify; \"> horas, no </span><b style=\"text-align: justify; \">Plen\u00e1rio da C\u00e2mara Municipal,</b><span style=\"text-align: justify; \"> Audi\u00eancia P\u00fablica com vista a apresenta\u00e7\u00e3o da </span><span style=\"text-align: justify; \">RREO</span><span style=\"text-align: justify; \"> e cumprimento das </span><span style=\"text-align: justify; \">Metas Fiscais</span><span style=\"text-align: justify; \">, referente o 1\u00ba quadrimestre, Janeiro a Abril de 2017, bem como, a elabora\u00e7\u00e3o do PPA relativo ao Quadri\u00eanio 2018 a 2021.</span></p>\r\n<p>\u00a0</p>\r\n<p>\u00a0</p>\r\n<p style=\"text-align: justify; \">\u00a0\u00a0\u00a0\u00a0\u00a0\u00a0\u00a0\u00a0\u00a0\u00a0\u00a0\u00a0\u00a0\u00a0\u00a0\u00a0\u00a0\u00a0\u00a0\u00a0\u00a0\u00a0\u00a0\u00a0\u00a0\u00a0\u00a0 <b>GABINETE DO PREFEITO MUNICIPAL DE RONDA ALTA-RS, EM 11 DE MAIO DE 2017.</b></p>\r\n<p style=\"text-align: justify; \">\u00a0</p>\r\n<p>\u00a0</p>\r\n<p align=\"center\"><b>MIGUEL ANGELO GASPARETTO</b></p>\r\n<p align=\"center\"><b>Prefeito Municipal.</b></p>\r\n<p align=\"center\"><b>\u00a0</b></p>\r\n<p align=\"center\"><b>\u00a0</b></p>\r\n<p align=\"center\"><b>\u00a0</b></p>\r\n<p align=\"center\"><b>VITOR ROQUE CAVAZINI</b></p>\r\n<p align=\"center\"><b>Presidente da C\u00e2mara de Vereadores</b></p>\r\n<p>\u00a0</p>", "author_name": "silvia", "version": "1.0", "author_url": "https://www.rondaalta.rs.leg.br/author/silvia", "provider_name": "C\u00e2mara Municipal Ronda Alta - RS", "type": "rich"}