{"provider_url": "https://www.rondaalta.rs.leg.br", "title": "EDITAL - CONVOVA\u00c7\u00c3O PARA AUDI\u00caNCIA P\u00daBLICA", "html": "<p><img src=\"https://www.rondaalta.rs.leg.br/CpiadeCMARA2.png\" alt=\"\" class=\"image-inline\" title=\"\" /></p>", "author_name": "", "version": "1.0", "author_url": "https://www.rondaalta.rs.leg.br/author/morgana", "provider_name": "C\u00e2mara Municipal Ronda Alta - RS", "type": "rich"}