{"provider_url": "https://www.rondaalta.rs.leg.br", "title": "EDITAL: AUDI\u00caNCIA P\u00daBLICA LOA", "html": "<p align=\"center\" class=\"western\"><span><span><b>EDITAL DE CONVOCA\u00c7\u00c3O</b></span></span></p>\r\n<p align=\"justify\" class=\"western\">\u00a0</p>\r\n<p align=\"justify\" class=\"western\">O Poder Executivo em conjunto com o Poder Legislativo do Munic\u00edpio de Ronda Alta - Estado do Rio Grande do Sul, com fundamento na Lei Complementar n\u00ba 101/2000, <span><b>TORNA P\u00daBLICO</b></span> para conhecimento dos interessados que estar\u00e1 realizando no dia <b>30/09/2021</b>, \u00e0s <b>10:00</b> horas, no <b>Plen\u00e1rio da C\u00e2mara Municipal,</b> Audi\u00eancia P\u00fablica com vista a apresenta\u00e7\u00e3o do <span>RREO</span> 4\u00ba bimestre de 2021, cumprimento das <span>Metas Fiscais</span>, referente o 2\u00ba quadrimestre, maio a agosto de 2021, bem como an\u00e1lise do projeto de lei relativo a LDO \u2013 Lei de Diretrizes Or\u00e7ament\u00e1rias para 2022.</p>\r\n<p align=\"center\" class=\"western\"><b>GABINETE DO PREFEITO MUNICIPAL DE RONDA ALTA-RS, EM 22 DE SETEMBRO DE 2021.</b></p>\r\n<p align=\"center\" class=\"western\"><b>Marcos Miguel Beux</b></p>\r\n<p align=\"center\" class=\"western\"><b>Prefeito Municipal</b></p>\r\n<p align=\"center\" class=\"western\"><b>Silv\u00e2nio Roque Lucca</b></p>\r\n<p align=\"center\" class=\"western\"><b>Presidente da C\u00e2mara de Vereadores</b></p>", "author_name": "", "version": "1.0", "author_url": "https://www.rondaalta.rs.leg.br/author/morgana", "provider_name": "C\u00e2mara Municipal Ronda Alta - RS", "type": "rich"}