{"provider_url": "https://www.rondaalta.rs.leg.br", "title": "EDITAL - AUDI\u00caNCIA P\u00daBLICA L.O.A 2022", "html": "<p align=\"center\"><b><span>EDITAL DE CONVOCA\u00c7\u00c3O</span></b></p>\r\n<p>\u00a0</p>\r\n<p>\u00a0\u00a0\u00a0\u00a0\u00a0\u00a0\u00a0\u00a0\u00a0\u00a0\u00a0\u00a0\u00a0\u00a0\u00a0\u00a0\u00a0\u00a0\u00a0 O Poder Executivo em conjunto com o Poder Legislativo do Munic\u00edpio de Ronda Alta - Estado do Rio Grande do Sul, com fundamento na Lei Complementar n\u00ba 101/2000, <b><span>TORNA P\u00daBLICO</span></b> para conhecimento dos interessados que estar\u00e1 realizando no dia <b>28/12/2021</b>, \u00e0s <b>18:00</b> horas, no <b>Plen\u00e1rio da C\u00e2mara Municipal,</b> Audi\u00eancia P\u00fablica com vista a an\u00e1lise do projeto de lei relativo a LOA \u2013 Lei Or\u00e7ament\u00e1ria Anual para 2022.</p>\r\n<p>\u00a0</p>\r\n<p align=\"center\"><b>GABINETE DO PREFEITO MUNICIPAL DE RONDA ALTA-RS, EM 22 DE DEZEMBRO DE 2021.</b></p>\r\n<p>\u00a0</p>\r\n<p align=\"center\"><b>Marcos Miguel Beux</b></p>\r\n<p align=\"center\"><b>Prefeito Municipal</b></p>\r\n<p align=\"center\"><b>\u00a0</b></p>\r\n<p align=\"center\"><b>Silv\u00e2nio Roque Lucca</b></p>\r\n<p align=\"center\"><b>Presidente da C\u00e2mara de Vereadores</b></p>", "author_name": "", "version": "1.0", "author_url": "https://www.rondaalta.rs.leg.br/author/morgana", "provider_name": "C\u00e2mara Municipal Ronda Alta - RS", "type": "rich"}