{"provider_url": "https://www.rondaalta.rs.leg.br", "title": "Convoca\u00e7\u00e3o - Audi\u00eancia P\u00fablica", "html": "<p align=\"center\"><b><span>EDITAL DE CONVOCA\u00c7\u00c3O</span></b></p>\r\n<p>\u00a0</p>\r\n<p>\u00a0\u00a0\u00a0\u00a0\u00a0\u00a0\u00a0\u00a0\u00a0\u00a0\u00a0\u00a0\u00a0\u00a0\u00a0\u00a0\u00a0\u00a0\u00a0 O Poder Executivo em conjunto com o Poder Legislativo do Munic\u00edpio de Ronda Alta - Estado do Rio Grande do Sul, com fundamento na Lei Complementar n\u00ba 101/2000, <b><span>TORNA P\u00daBLICO</span></b> para conhecimento dos interessados que estar\u00e1 realizando no dia <b>28/01/2022</b>, \u00e0s <b>10:00</b> horas, no <b>Plen\u00e1rio da C\u00e2mara Municipal,</b> Audi\u00eancia P\u00fablica com vista a apresenta\u00e7\u00e3o do <span>RREO</span> 6\u00ba bimestre de 2021, cumprimento das <span>Metas Fiscais</span>, referente o 3\u00ba quadrimestre, setembro a dezembro de 2021.</p>\r\n<p>\u00a0</p>\r\n<p align=\"center\"><b>GABINETE DO PREFEITO MUNICIPAL DE RONDA ALTA-RS, EM 25 DE JANEIRO DE 2022.</b></p>\r\n<p>\u00a0</p>\r\n<p>\u00a0</p>\r\n<p align=\"center\"><b>Jackson Luis Bertocchi</b></p>\r\n<p align=\"center\"><b>Prefeito Municipal em exerc\u00edcio</b></p>\r\n<p align=\"center\"><b>\u00a0</b></p>\r\n<p align=\"center\"><b>\u00a0</b></p>\r\n<p align=\"center\"><b>\u00a0</b></p>\r\n<p align=\"center\"><b>Juliano Rubens Perego</b></p>\r\n<p align=\"center\"><b>Presidente da C\u00e2mara de Vereadores</b></p>", "author_name": "", "version": "1.0", "author_url": "https://www.rondaalta.rs.leg.br/author/morgana", "provider_name": "C\u00e2mara Municipal Ronda Alta - RS", "type": "rich"}