{"provider_url": "https://www.rondaalta.rs.leg.br", "title": "Conhe\u00e7a um pouco sobre Kemyly Ferreira da Silva ", "html": "<p>Conversamos com a jovem Kemyly para conhecer um pouco de sua atua\u00e7\u00e3o na comunidade e sua motiva\u00e7\u00e3o para participar do concurso.</p>\r\n<p>\u00a0</p>\r\n<p>Sou Kemyly Ferreira da Silva e Miss Teen Ronda Alta 2022, estou me formando no ensino fundamental da escola municipal Mem de S\u00e1. Meus pais s\u00e3o Franci Ferreira e Jos\u00e9 Carlos da Silva.</p>\r\n<p>Desde mais nova sempre tive o senho de estar nesse mundo, j\u00e1 havia tentado em outros momentos da minha vida em concursos para modelo mas em nenhum tive resultados, ent\u00e3o decidi por um tempo focar nos estudos e deixar de lado um pouco esse sonho de ser conhecida nesse mundo!</p>\r\n<p>Sou uma menina de 14 anos muito determinada, focada, estudiosa e que, por gostar muito de crian\u00e7as, realizo a\u00e7\u00f5es sociais voltadas a elas. Neste texto irei apresentar os dois projetos que fa\u00e7o parte em meu munic\u00edpio.</p>\r\n<p>Atualmente, realizo um trabalho de voluntariado como catequista na Vila da Boa Esperan\u00e7a de Ronda Alta. Para ser catequista, de maneira geral, \u00e9 necess\u00e1rio ter recebido os sacramentos do Batismo, da Eucaristia e da Confirma\u00e7\u00e3o. \u00c9 preciso, tamb\u00e9m, ser uma presen\u00e7a ativa na comunidade e conhecer a B\u00edblia.</p>\r\n<p>Vejo que a presen\u00e7a da catequista \u00e9 necess\u00e1ria por ser uma forma eficaz para ensinar o povo de Deus os conte\u00fados fundamentais da doutrina cat\u00f3lica. Exercemos um papel importante de transmitir a catequese com a finalidade de testemunhar Jesus Cristo aos alunos.</p>\r\n<p>Como o Papa Francisco sempre estima: \u201c\u00c9 preciso ser catequista e n\u00e3o apenas dar catequese\u201d, por isso, sinto que \u00e9 preciso amar o que fazemos e sermos as primeiras a se apaixonar por Cristo e o projeto que Ele anuncia.</p>\r\n<p>Acredito que com a experi\u00eancia de catequista, posso me tornar uma cidad\u00e3 melhor, porque passamos para uma posi\u00e7\u00e3o de destaque ao dar visibilidade ao Evangelho, sinto como se estivesse sobre um foco de luz quando os olhos das crian\u00e7as est\u00e3o voltados para meu trabalho. Por estes motivos e diversos outros escolhi fazer parte dessa miss\u00e3o.</p>\r\n<p>A segunda a\u00e7\u00e3o social realizada foi juntamente com a APAE - RONDA ALTA, onde realizei arrecada\u00e7\u00f5es de dinheiro para auxiliar com os gastos da institui\u00e7\u00e3o.</p>\r\n<p>A Apae Brasil \u00e9 a maior rede de apoio \u00e0s Pessoas com Defici\u00eancia Intelectual ou Defici\u00eancia M\u00faltipla. De acordo com o Censo IBGE 2010, o Brasil tem 45.606.048 de pessoas com defici\u00eancia, o que equivale a 23,9% da popula\u00e7\u00e3o do Pa\u00eds. Um dado alt\u00edssimo e preocupante.</p>\r\n<p>O movimento Apaeano surge da necessidade de cobrir a inefici\u00eancia do Estado em prestar devida assist\u00eancia \u00e0s pessoas com Defici\u00eancia Intelectual ou Defici\u00eancia M\u00faltiplas. Em um pa\u00eds historicamente marcado por forte rejei\u00e7\u00e3o, discrimina\u00e7\u00e3o e preconceito, as fam\u00edlias dessas pessoas, empenhadas em buscar solu\u00e7\u00f5es para que seus filhos tenham condi\u00e7\u00f5es de serem inclu\u00eddos na sociedade, criaram as primeiras associa\u00e7\u00f5es. Essas associa\u00e7\u00f5es nasceram com a miss\u00e3o de educar, prestar atendimento na \u00e1rea de sa\u00fade e lutar por seus direitos na perspectiva da inclus\u00e3o social.</p>\r\n<p>Atualmente o Movimento Apaeano congrega a Fenapaes e conta com mais de 1.300.000 assistidos, organizadas em mais de 2.200 unidades presentes em todo o territ\u00f3rio nacional. \u00c9 o maior movimento social do Brasil e do mundo na sua \u00e1rea de atua\u00e7\u00e3o.</p>\r\n<p>Imensa alegria em poder, atrav\u00e9s do meu t\u00edtulo de Miss Teen Ronda Alta, estar presente nessas institui\u00e7\u00f5es fazendo a diferen\u00e7a na vida de tantas pessoas.</p>\r\n<p>\u00a0</p>\r\n<p>Ent\u00e3o, h\u00e1 alguns meses atr\u00e1s a Eduarda Maurer, minha antecessora no Miss Teen, que tamb\u00e9m fez um lindo trabalho, me apresentou o concurso e como funcionava e pediu se eu gostaria de ser a sucessora dela. \u00c9 claro que na hora aceitei, o tempo foi passando cada vez mais r\u00e1pido e os prazos de prepara\u00e7\u00e3o come\u00e7aram a diminuir, comecei a pegar mais firme e me dediquei muito para ter uma posi\u00e7\u00e3o boa no concurso, mas infelizmente minha estrela n\u00e3o brilhou o poss\u00edvel para que eu fosse inclu\u00edda no top 10 ou at\u00e9 mesmo ganhar um t\u00edtulo importante.</p>\r\n<p>Por\u00e9m meu t\u00edtulo Municipal continua comigo e pretendo fazer muito mais do que j\u00e1 fiz at\u00e9 o dia de hoje!!</p>\r\n<p>Foi uma experi\u00eancia incr\u00edvel conheci muitas pessoas que sei que vou levar pra vida toda foi uma honra!</p>\r\n<p>Agrade\u00e7o ao Miss Teen Rio Grande do Sul e a Minimal Models Brasil nada disso seria poss\u00edvel.</p>\r\n<p>Obrigada.</p>\r\n<p>\u00a0</p>\r\n<p>Com essa breve entrevista a comunidade Rondaltense p\u00f4de conhecer um pouco mais sobre a jovem Kemyly ferreira da Silva, que orgulha nosso munic\u00edpio n\u00e3o apenas pela sua participa\u00e7\u00e3o no concurso Miss Teen Rio Grande do Sul, mas tamb\u00e9m pela sua dedica\u00e7\u00e3o em se voluntariar para a\u00e7\u00f5es que buscam melhorar nossa comunidade.</p>\r\n<p>O Poder Legislativo Municipal, representado pelo Presidente Juliano Rubens Perego tem a honra de parabenizar essa jovem por sua participa\u00e7\u00e3o no concurso representando-nos muito bem, assim como apoiamos nossos jovens para que sigam determinados a buscar seus sonhos.</p>\r\n<p><img src=\"https://www.rondaalta.rs.leg.br/copy_of_WhatsAppImage20221212at09.55.13.jpeg\" alt=\"\" class=\"image-inline\" title=\"\" /></p>", "author_name": "", "version": "1.0", "author_url": "https://www.rondaalta.rs.leg.br/author/morgana", "provider_name": "C\u00e2mara Municipal Ronda Alta - RS", "type": "rich"}